{"id":11756513,"date":"2026-07-23T07:46:56","date_gmt":"2026-07-23T11:46:56","guid":{"rendered":"https:\/\/grupopantanalms.com.br\/?p=11756513"},"modified":"2026-07-23T07:46:56","modified_gmt":"2026-07-23T11:46:56","slug":"policia-federal-confirma-ausencia-de-cocaina-em-260-toneladas-de-madeira-apreendidas-em-corumba","status":"publish","type":"post","link":"https:\/\/bandfmcorumba.agoranoar.com.br\/index.php\/2026\/07\/23\/policia-federal-confirma-ausencia-de-cocaina-em-260-toneladas-de-madeira-apreendidas-em-corumba\/","title":{"rendered":"Pol\u00edcia Federal confirma aus\u00eancia de coca\u00edna em 260 toneladas de madeira apreendidas em Corumb\u00e1"},"content":{"rendered":"\n<p class=\"wp-block-paragraph\"><img loading=\"lazy\" decoding=\"async\" width=\"26\" height=\"26\" alt=\"\" src=\"https:\/\/folhams.com.br\/wp-content\/uploads\/2026\/02\/avatar-150x150.jpg\">Por<a href=\"https:\/\/folhams.com.br\/author\/erik-silva\/\">Erik Silva<\/a>23 de julho de 2026<\/p>\n\n\n\n\n\n<p class=\"wp-block-paragraph\">O laudo pericial definitivo da Pol\u00edcia Federal atestou que n\u00e3o havia coca\u00edna nas 260 toneladas de madeira apreendidas na Opera\u00e7\u00e3o Timber Shield em Corumb\u00e1.<\/p>\n\n\n\n<p class=\"wp-block-paragraph\">Foram analisadas amostras retiradas da carga e novos materiais coletados no Porto Seco de Corumb\u00e1, onde os caminh\u00f5es permaneceram retidos, e todos os testes deram negativo.<\/p>\n\n\n\n<p class=\"wp-block-paragraph\">Durante a per\u00edcia foram empregados espectroscopia Raman, teste de Scott, cromatografia gasosa acoplada \u00e0 espectrometria de massas e espectroscopia na regi\u00e3o do infravermelho, t\u00e9cnicas consideradas de alta precis\u00e3o para identifica\u00e7\u00e3o de entorpecentes.<\/p>\n\n\n\n<p class=\"wp-block-paragraph\">Al\u00e9m das tr\u00eas amostras iniciais, os peritos coletaram outras nove amostras da carga, cinco de serragem e quatro de fragmentos de madeira, em inspe\u00e7\u00e3o que contou com apoio de c\u00e3es farejadores, militares do Ex\u00e9rcito, da Marinha e do Corpo de Bombeiros.<\/p>\n\n\n\n<p class=\"wp-block-paragraph\">Nas respostas aos quesitos da investiga\u00e7\u00e3o, a Pol\u00edcia Federal concluiu que \u201cos exames realizados nas amostras recebidas e coletadas resultaram negativos para a presen\u00e7a da subst\u00e2ncia coca\u00edna ou de outras subst\u00e2ncias consideradas entorpecentes\u201d.<\/p>\n\n\n\n<p class=\"wp-block-paragraph\">Em outro trecho do laudo o perito afirma que \u201cn\u00e3o se tratava de material suporte contendo subst\u00e2ncia entorpecente\u201d.<\/p>\n\n\n\n<p class=\"wp-block-paragraph\">O laudo tamb\u00e9m observa que a carga era composta por pe\u00e7as de aroeira, esp\u00e9cie de alta densidade e baixa capacidade de absor\u00e7\u00e3o de l\u00edquidos, o que segundo avalia\u00e7\u00e3o t\u00e9cnica torna o material pouco adequado para funcionar como matriz de absor\u00e7\u00e3o de solu\u00e7\u00f5es contendo coca\u00edna.<\/p>\n\n\n\n<p class=\"wp-block-paragraph\">A investiga\u00e7\u00e3o teve in\u00edcio ap\u00f3s a Receita Federal anunciar em 21 de junho a apreens\u00e3o de aproximadamente 260 toneladas de madeira em Mato Grosso do Sul e Mato Grosso sob a suspeita de impregna\u00e7\u00e3o por coca\u00edna l\u00edquida, e integrou uma opera\u00e7\u00e3o desenvolvida com autoridades do Brasil, dos Estados Unidos e da Bol\u00edvia para apurar a poss\u00edvel nova modalidade de tr\u00e1fico.<\/p>\n\n\n\n<p class=\"wp-block-paragraph\"><a href=\"https:\/\/folhams.com.br\/2026\/07\/10\/madeira-apreendida-corumba-testes-preliminares-negativos\/\" target=\"_blank\" rel=\"noreferrer noopener\">Testes preliminares realizados em Corumb\u00e1<\/a>&nbsp;e documentos emitidos pela&nbsp;<a href=\"https:\/\/folhams.com.br\/2026\/07\/18\/bolivia-contesta-cocaina-carga-madeira-corumba\/\" target=\"_blank\" rel=\"noreferrer noopener\">pol\u00edcia boliviana<\/a>&nbsp;j\u00e1 apontavam resultado negativo antes da conclus\u00e3o da per\u00edcia criminal, e apesar disso os caminh\u00f5es ficaram retidos por semanas no Porto Seco de Corumb\u00e1 causando preju\u00edzos financeiros \u00e0s transportadoras respons\u00e1veis pela carga.<\/p>\n","protected":false},"excerpt":{"rendered":"<p>PorErik Silva23 de julho de 2026 O laudo pericial definitivo da Pol\u00edcia Federal atestou que n\u00e3o havia coca\u00edna nas 260 toneladas de madeira apreendidas na Opera\u00e7\u00e3o Timber Shield em Corumb\u00e1. Foram analisadas amostras retiradas da carga e novos materiais coletados no Porto Seco de Corumb\u00e1, onde os caminh\u00f5es permaneceram retidos, e todos os testes deram [&hellip;]<\/p>\n","protected":false},"author":1,"featured_media":11756514,"comment_status":"closed","ping_status":"open","sticky":false,"template":"","format":"standard","meta":{"footnotes":""},"categories":[2,3],"tags":[],"class_list":["post-11756513","post","type-post","status-publish","format-standard","has-post-thumbnail","hentry","category-corumba","category-destaque"],"_links":{"self":[{"href":"https:\/\/bandfmcorumba.agoranoar.com.br\/index.php\/wp-json\/wp\/v2\/posts\/11756513","targetHints":{"allow":["GET"]}}],"collection":[{"href":"https:\/\/bandfmcorumba.agoranoar.com.br\/index.php\/wp-json\/wp\/v2\/posts"}],"about":[{"href":"https:\/\/bandfmcorumba.agoranoar.com.br\/index.php\/wp-json\/wp\/v2\/types\/post"}],"author":[{"embeddable":true,"href":"https:\/\/bandfmcorumba.agoranoar.com.br\/index.php\/wp-json\/wp\/v2\/users\/1"}],"replies":[{"embeddable":true,"href":"https:\/\/bandfmcorumba.agoranoar.com.br\/index.php\/wp-json\/wp\/v2\/comments?post=11756513"}],"version-history":[{"count":0,"href":"https:\/\/bandfmcorumba.agoranoar.com.br\/index.php\/wp-json\/wp\/v2\/posts\/11756513\/revisions"}],"wp:attachment":[{"href":"https:\/\/bandfmcorumba.agoranoar.com.br\/index.php\/wp-json\/wp\/v2\/media?parent=11756513"}],"wp:term":[{"taxonomy":"category","embeddable":true,"href":"https:\/\/bandfmcorumba.agoranoar.com.br\/index.php\/wp-json\/wp\/v2\/categories?post=11756513"},{"taxonomy":"post_tag","embeddable":true,"href":"https:\/\/bandfmcorumba.agoranoar.com.br\/index.php\/wp-json\/wp\/v2\/tags?post=11756513"}],"curies":[{"name":"wp","href":"https:\/\/api.w.org\/{rel}","templated":true}]}}