{"id":11756499,"date":"2026-07-22T13:22:17","date_gmt":"2026-07-22T17:22:17","guid":{"rendered":"https:\/\/grupopantanalms.com.br\/?p=11756499"},"modified":"2026-07-22T13:22:17","modified_gmt":"2026-07-22T17:22:17","slug":"passageira-fica-ferida-em-acidente-envolvendo-carro-e-motocicleta-em-corumba","status":"publish","type":"post","link":"https:\/\/bandfmcorumba.agoranoar.com.br\/index.php\/2026\/07\/22\/passageira-fica-ferida-em-acidente-envolvendo-carro-e-motocicleta-em-corumba\/","title":{"rendered":"Passageira fica ferida em acidente envolvendo carro e motocicleta em Corumb\u00e1"},"content":{"rendered":"\n<p class=\"wp-block-paragraph\"><strong>Leonardo Cabral<\/strong>&nbsp;em 22 de Julho de 2026<\/p>\n\n\n\n<p class=\"wp-block-paragraph\">Divulga\u00e7\u00e3o\/Corpo de Bombeiros Militar<\/p>\n\n\n\n\n\n<p class=\"wp-block-paragraph\">Uma passageira de 21 anos ficou ferida ap\u00f3s um acidente de tr\u00e2nsito envolvendo um carro e uma motocicleta, na tarde de ter\u00e7a-feira (21), no cruzamento das ruas Maranh\u00e3o e Marechal Deodoro, na parte alta de Corumb\u00e1.<\/p>\n\n\n\n<p class=\"wp-block-paragraph\">Segundo a Central de Opera\u00e7\u00f5es do Corpo de Bombeiros Militar, as guarni\u00e7\u00f5es das viaturas de Resgate e Salvamento foram acionadas por volta das 15h50 para atender a ocorr\u00eancia.<\/p>\n\n\n\n<p class=\"wp-block-paragraph\">No local, os bombeiros encontraram a passageira da motocicleta consciente e orientada. Ela apresentava suspeita de fratura na perna direita.<\/p>\n\n\n\n<p class=\"wp-block-paragraph\">Ap\u00f3s receber os primeiros atendimentos, a jovem foi imobilizada e estabilizada pela equipe de resgate, sendo encaminhada ao Pronto-Socorro Municipal.<\/p>\n\n\n\n<p class=\"wp-block-paragraph\">O condutor da motocicleta, tamb\u00e9m de 21 anos, sofreu apenas escoria\u00e7\u00f5es e foi atendido no local. J\u00e1 o motorista do carro n\u00e3o se feriu.&nbsp;<\/p>\n","protected":false},"excerpt":{"rendered":"<p>Leonardo Cabral&nbsp;em 22 de Julho de 2026 Divulga\u00e7\u00e3o\/Corpo de Bombeiros Militar Uma passageira de 21 anos ficou ferida ap\u00f3s um acidente de tr\u00e2nsito envolvendo um carro e uma motocicleta, na tarde de ter\u00e7a-feira (21), no cruzamento das ruas Maranh\u00e3o e Marechal Deodoro, na parte alta de Corumb\u00e1. Segundo a Central de Opera\u00e7\u00f5es do Corpo de [&hellip;]<\/p>\n","protected":false},"author":1,"featured_media":11756500,"comment_status":"closed","ping_status":"open","sticky":false,"template":"","format":"standard","meta":{"footnotes":""},"categories":[2],"tags":[],"class_list":["post-11756499","post","type-post","status-publish","format-standard","has-post-thumbnail","hentry","category-corumba"],"_links":{"self":[{"href":"https:\/\/bandfmcorumba.agoranoar.com.br\/index.php\/wp-json\/wp\/v2\/posts\/11756499","targetHints":{"allow":["GET"]}}],"collection":[{"href":"https:\/\/bandfmcorumba.agoranoar.com.br\/index.php\/wp-json\/wp\/v2\/posts"}],"about":[{"href":"https:\/\/bandfmcorumba.agoranoar.com.br\/index.php\/wp-json\/wp\/v2\/types\/post"}],"author":[{"embeddable":true,"href":"https:\/\/bandfmcorumba.agoranoar.com.br\/index.php\/wp-json\/wp\/v2\/users\/1"}],"replies":[{"embeddable":true,"href":"https:\/\/bandfmcorumba.agoranoar.com.br\/index.php\/wp-json\/wp\/v2\/comments?post=11756499"}],"version-history":[{"count":0,"href":"https:\/\/bandfmcorumba.agoranoar.com.br\/index.php\/wp-json\/wp\/v2\/posts\/11756499\/revisions"}],"wp:attachment":[{"href":"https:\/\/bandfmcorumba.agoranoar.com.br\/index.php\/wp-json\/wp\/v2\/media?parent=11756499"}],"wp:term":[{"taxonomy":"category","embeddable":true,"href":"https:\/\/bandfmcorumba.agoranoar.com.br\/index.php\/wp-json\/wp\/v2\/categories?post=11756499"},{"taxonomy":"post_tag","embeddable":true,"href":"https:\/\/bandfmcorumba.agoranoar.com.br\/index.php\/wp-json\/wp\/v2\/tags?post=11756499"}],"curies":[{"name":"wp","href":"https:\/\/api.w.org\/{rel}","templated":true}]}}