{"id":11756493,"date":"2026-07-22T09:47:34","date_gmt":"2026-07-22T13:47:34","guid":{"rendered":"https:\/\/grupopantanalms.com.br\/?p=11756493"},"modified":"2026-07-22T09:47:34","modified_gmt":"2026-07-22T13:47:34","slug":"vandalismo-furtos-e-danos-por-veiculos-comprometem-sinalizacao-de-transito-em-corumba","status":"publish","type":"post","link":"https:\/\/bandfmcorumba.agoranoar.com.br\/index.php\/2026\/07\/22\/vandalismo-furtos-e-danos-por-veiculos-comprometem-sinalizacao-de-transito-em-corumba\/","title":{"rendered":"Vandalismo, furtos e danos por ve\u00edculos comprometem sinaliza\u00e7\u00e3o de tr\u00e2nsito em Corumb\u00e1"},"content":{"rendered":"\n<p class=\"wp-block-paragraph\"><strong>Rosana Nunes<\/strong>&nbsp;em 22 de Julho de 2026<\/p>\n\n\n\n<p class=\"wp-block-paragraph\">Divulga\u00e7\u00e3o\/Agetrat<\/p>\n\n\n\n\n\n<p class=\"wp-block-paragraph\">A Prefeitura de Corumb\u00e1, por meio da Ag\u00eancia Municipal de Tr\u00e2nsito e Transporte, alerta a popula\u00e7\u00e3o para os constantes casos de&nbsp;furto e vandalismo&nbsp;nos equipamentos de sinaliza\u00e7\u00e3o vi\u00e1ria do munic\u00edpio.<\/p>\n\n\n\n<p class=\"wp-block-paragraph\">Segundo a Agetrat, equipes seguem realizando servi\u00e7os de manuten\u00e7\u00e3o, revitaliza\u00e7\u00e3o e implanta\u00e7\u00e3o de sinaliza\u00e7\u00e3o em diferentes regi\u00f5es da cidade, com o objetivo de melhorar a organiza\u00e7\u00e3o do tr\u00e2nsito e ampliar a seguran\u00e7a de motoristas, motociclistas, ciclistas e pedestres. No entanto, parte desse trabalho vem sendo comprometida por a\u00e7\u00f5es de depreda\u00e7\u00e3o e pela destrui\u00e7\u00e3o de equipamentos ap\u00f3s impactos provocados por ve\u00edculos de grande porte.<\/p>\n\n\n\n<p class=\"wp-block-paragraph\">Um dos casos registrados ocorreu na rua Minas Gerais, onde a Agetrat realizou recentemente a altera\u00e7\u00e3o da circula\u00e7\u00e3o da via, que passou a funcionar em m\u00e3o dupla, al\u00e9m da implanta\u00e7\u00e3o e revitaliza\u00e7\u00e3o da sinaliza\u00e7\u00e3o necess\u00e1ria para orientar os condutores. Ap\u00f3s a conclus\u00e3o do servi\u00e7o, diversas placas instaladas ao longo da rua foram vandalizadas, danificadas ou furtadas.<\/p>\n\n\n\n<p class=\"wp-block-paragraph\">Situa\u00e7\u00f5es semelhantes tamb\u00e9m v\u00eam ocorrendo em outros pontos de Corumb\u00e1, inclusive em locais onde as placas haviam sido recuperadas ou substitu\u00eddas recentemente.<\/p>\n\n\n\n<p class=\"wp-block-paragraph\">Al\u00e9m dos atos de vandalismo, os sem\u00e1foros est\u00e3o sofrendo constantes danos provocados pela passagem de caminh\u00f5es, carretas e outros ve\u00edculos de grande porte.<\/p>\n\n\n\n<p class=\"wp-block-paragraph\">Na ter\u00e7a-feira, 21 de julho, um caminh\u00e3o bitrem atingiu um sem\u00e1foro, destruindo completamente o equipamento. O impacto danificou toda a estrutura e colocou em risco a seguran\u00e7a da via, dos demais condutores e dos pedestres que circulavam pelo local.<\/p>\n\n\n\n<p class=\"wp-block-paragraph\">A situa\u00e7\u00e3o evidencia a necessidade de maior responsabilidade e aten\u00e7\u00e3o por parte dos condutores de ve\u00edculos de grande porte. Caminh\u00f5es, carretas e ve\u00edculos com cargas elevadas devem circular com extremo cuidado, considerando as dimens\u00f5es do ve\u00edculo, a altura da carga, o trajeto utilizado e as condi\u00e7\u00f5es das vias.&nbsp;<\/p>\n\n\n\n<p class=\"wp-block-paragraph\">A diretora-presidente da Agetrat, Mariana Ricco, destacou que a Ag\u00eancia est\u00e1 fazendo a sua parte, mas precisa da colabora\u00e7\u00e3o de toda a sociedade.<\/p>\n\n\n\n<p class=\"wp-block-paragraph\">\u201cEstamos trabalhando para revitalizar placas, recuperar sem\u00e1foros, renovar a sinaliza\u00e7\u00e3o das vias e proporcionar mais seguran\u00e7a \u00e0 popula\u00e7\u00e3o. Por\u00e9m, esse trabalho vem sendo prejudicado por constantes furtos, vandalismos e danos provocados por ve\u00edculos. Tivemos um sem\u00e1foro completamente destru\u00eddo ap\u00f3s ser atingido por um caminh\u00e3o bitrem, colocando em risco a seguran\u00e7a de todos que utilizam a via\u201d, afirmou.<\/p>\n\n\n\n<p class=\"wp-block-paragraph\">Mariana tamb\u00e9m refor\u00e7ou que os equipamentos de tr\u00e2nsito s\u00e3o patrim\u00f4nio p\u00fablico e pertencem a toda a popula\u00e7\u00e3o.<\/p>\n\n\n\n<p class=\"wp-block-paragraph\">\u201cQuando uma placa \u00e9 furtada ou um sem\u00e1foro \u00e9 danificado, n\u00e3o estamos falando apenas de um preju\u00edzo financeiro. Estamos falando de uma situa\u00e7\u00e3o que pode causar acidentes e colocar vidas em risco. Precisamos que a popula\u00e7\u00e3o seja nossa parceira na preserva\u00e7\u00e3o desse patrim\u00f4nio\u201d, completou.<\/p>\n\n\n\n<p class=\"wp-block-paragraph\">A Agetrat pede que qualquer pessoa que presencie furto, vandalismo, depreda\u00e7\u00e3o ou danos provocados por ve\u00edculos contra placas, sem\u00e1foros e demais equipamentos de tr\u00e2nsito comunique imediatamente os \u00f3rg\u00e3os competentes.<\/p>\n\n\n\n<p class=\"wp-block-paragraph\">A popula\u00e7\u00e3o pode registrar informa\u00e7\u00f5es que auxiliem na identifica\u00e7\u00e3o dos respons\u00e1veis, como:<\/p>\n\n\n\n<p class=\"wp-block-paragraph\"><em>* endere\u00e7o e hor\u00e1rio da ocorr\u00eancia;<br>* caracter\u00edsticas das pessoas envolvidas;<br>* modelo, cor e placa do ve\u00edculo;<br>* fotos ou v\u00eddeos da situa\u00e7\u00e3o.<\/em><\/p>\n\n\n\n<p class=\"wp-block-paragraph\">As informa\u00e7\u00f5es podem ser encaminhadas \u00e0 Agetrat pelos seguintes contatos:<\/p>\n\n\n\n<p class=\"wp-block-paragraph\"><strong>Atendimento Geral (Administrativo): (67) 98191-0023<\/strong><\/p>\n\n\n\n<p class=\"wp-block-paragraph\"><strong>Plant\u00e3o da Fiscaliza\u00e7\u00e3o de Tr\u00e2nsito: (67) 98191-0047<\/strong><\/p>\n\n\n\n<p class=\"wp-block-paragraph\">Caso o fato esteja acontecendo naquele momento, a orienta\u00e7\u00e3o \u00e9 acionar imediatamente a Pol\u00edcia Militar pelo telefone&nbsp;<strong>190<\/strong>.<\/p>\n\n\n\n<p class=\"wp-block-paragraph\">A Ag\u00eancia refor\u00e7a que a popula\u00e7\u00e3o n\u00e3o deve tentar abordar ou impedir diretamente os respons\u00e1veis. A orienta\u00e7\u00e3o \u00e9 manter uma dist\u00e2ncia segura, registrar as informa\u00e7\u00f5es dispon\u00edveis e comunicar os \u00f3rg\u00e3os competentes.<\/p>\n\n\n\n<p class=\"wp-block-paragraph\">O \u00f3rg\u00e3o tamb\u00e9m est\u00e1 adotando as provid\u00eancias necess\u00e1rias para reparar os equipamentos danificados e restabelecer a seguran\u00e7a e a organiza\u00e7\u00e3o do tr\u00e2nsito nos locais afetados.<\/p>\n\n\n\n<p class=\"wp-block-paragraph\"><em>Com informa\u00e7\u00f5es da Assessoria de Comunica\u00e7\u00e3o da PMC.<\/em><\/p>\n","protected":false},"excerpt":{"rendered":"<p>Rosana Nunes&nbsp;em 22 de Julho de 2026 Divulga\u00e7\u00e3o\/Agetrat A Prefeitura de Corumb\u00e1, por meio da Ag\u00eancia Municipal de Tr\u00e2nsito e Transporte, alerta a popula\u00e7\u00e3o para os constantes casos de&nbsp;furto e vandalismo&nbsp;nos equipamentos de sinaliza\u00e7\u00e3o vi\u00e1ria do munic\u00edpio. Segundo a Agetrat, equipes seguem realizando servi\u00e7os de manuten\u00e7\u00e3o, revitaliza\u00e7\u00e3o e implanta\u00e7\u00e3o de sinaliza\u00e7\u00e3o em diferentes regi\u00f5es da [&hellip;]<\/p>\n","protected":false},"author":1,"featured_media":11756494,"comment_status":"closed","ping_status":"open","sticky":false,"template":"","format":"standard","meta":{"footnotes":""},"categories":[2,3],"tags":[],"class_list":["post-11756493","post","type-post","status-publish","format-standard","has-post-thumbnail","hentry","category-corumba","category-destaque"],"_links":{"self":[{"href":"https:\/\/bandfmcorumba.agoranoar.com.br\/index.php\/wp-json\/wp\/v2\/posts\/11756493","targetHints":{"allow":["GET"]}}],"collection":[{"href":"https:\/\/bandfmcorumba.agoranoar.com.br\/index.php\/wp-json\/wp\/v2\/posts"}],"about":[{"href":"https:\/\/bandfmcorumba.agoranoar.com.br\/index.php\/wp-json\/wp\/v2\/types\/post"}],"author":[{"embeddable":true,"href":"https:\/\/bandfmcorumba.agoranoar.com.br\/index.php\/wp-json\/wp\/v2\/users\/1"}],"replies":[{"embeddable":true,"href":"https:\/\/bandfmcorumba.agoranoar.com.br\/index.php\/wp-json\/wp\/v2\/comments?post=11756493"}],"version-history":[{"count":0,"href":"https:\/\/bandfmcorumba.agoranoar.com.br\/index.php\/wp-json\/wp\/v2\/posts\/11756493\/revisions"}],"wp:attachment":[{"href":"https:\/\/bandfmcorumba.agoranoar.com.br\/index.php\/wp-json\/wp\/v2\/media?parent=11756493"}],"wp:term":[{"taxonomy":"category","embeddable":true,"href":"https:\/\/bandfmcorumba.agoranoar.com.br\/index.php\/wp-json\/wp\/v2\/categories?post=11756493"},{"taxonomy":"post_tag","embeddable":true,"href":"https:\/\/bandfmcorumba.agoranoar.com.br\/index.php\/wp-json\/wp\/v2\/tags?post=11756493"}],"curies":[{"name":"wp","href":"https:\/\/api.w.org\/{rel}","templated":true}]}}