{"id":11756467,"date":"2026-07-21T13:53:04","date_gmt":"2026-07-21T17:53:04","guid":{"rendered":"https:\/\/grupopantanalms.com.br\/?p=11756467"},"modified":"2026-07-21T13:53:04","modified_gmt":"2026-07-21T17:53:04","slug":"consulta-publica-do-plano-de-arborizacao-segue-aberta-em-corumba","status":"publish","type":"post","link":"https:\/\/bandfmcorumba.agoranoar.com.br\/index.php\/2026\/07\/21\/consulta-publica-do-plano-de-arborizacao-segue-aberta-em-corumba\/","title":{"rendered":"Consulta p\u00fablica do Plano de Arboriza\u00e7\u00e3o segue aberta em Corumb\u00e1"},"content":{"rendered":"\n<p class=\"wp-block-paragraph\">Fonte:&nbsp;<strong>Assessoria de Comunica\u00e7\u00e3o da PMC<\/strong>&nbsp;em 21 de Julho de 2026<\/p>\n\n\n\n<p class=\"wp-block-paragraph\">Divulga\u00e7\u00e3o<\/p>\n\n\n\n\n\n<p class=\"wp-block-paragraph\">A consulta p\u00fablica que vai contribuir para a elabora\u00e7\u00e3o do Plano Municipal de Arboriza\u00e7\u00e3o Urbana (PMAU) de Corumb\u00e1 continua aberta \u00e0 participa\u00e7\u00e3o da popula\u00e7\u00e3o. A iniciativa da Prefeitura de Corumb\u00e1, por meio da Funda\u00e7\u00e3o de Meio Ambiente do Pantanal (FMAP), busca reunir sugest\u00f5es, identificar demandas e conhecer os principais desafios relacionados \u00e0 arboriza\u00e7\u00e3o urbana do munic\u00edpio.<\/p>\n\n\n\n<p class=\"wp-block-paragraph\">A participa\u00e7\u00e3o \u00e9 feita por meio de um&nbsp;<a href=\"https:\/\/sistema.arboran.com.br\/?utm_source=chatgpt.com#\/diagnostico\/681e0dea-f24d-47fc-8969-a60ab1bf5365\"><strong>question\u00e1rio on-line<\/strong>,<\/a>&nbsp;simples e r\u00e1pido, dispon\u00edvel para toda a comunidade. As informa\u00e7\u00f5es coletadas v\u00e3o subsidiar a elabora\u00e7\u00e3o de diretrizes voltadas ao planejamento urbano sustent\u00e1vel, com foco na melhoria da qualidade ambiental e do espa\u00e7o urbano.<\/p>\n\n\n\n<p class=\"wp-block-paragraph\">Segundo a diretora-presidente da Funda\u00e7\u00e3o de Meio Ambiente do Pantanal, Cristina de Arruda Ferreira Fleming, a participa\u00e7\u00e3o popular \u00e9 uma etapa fundamental para que o plano esteja alinhado \u00e0s necessidades do munic\u00edpio.<\/p>\n\n\n\n<p class=\"wp-block-paragraph\">\u201cA aplica\u00e7\u00e3o dos question\u00e1rios de percep\u00e7\u00e3o em rela\u00e7\u00e3o \u00e0 arboriza\u00e7\u00e3o urbana junto \u00e0 popula\u00e7\u00e3o constitui uma importante ferramenta de diagn\u00f3stico participativo. Isso vai permitir identificar como os moradores avaliam a arboriza\u00e7\u00e3o existente, quais s\u00e3o as principais demandas, os problemas recorrentes e as dificuldades enfrentadas em rela\u00e7\u00e3o \u00e0 quest\u00e3o de poda\u201d, afirmou.<\/p>\n\n\n\n<p class=\"wp-block-paragraph\">As informa\u00e7\u00f5es levantadas pela consulta p\u00fablica v\u00e3o complementar os estudos t\u00e9cnicos realizados pela empresa contratada para elaborar o plano e auxiliar na defini\u00e7\u00e3o de diretrizes mais compat\u00edveis com a realidade local.<\/p>\n\n\n\n<p class=\"wp-block-paragraph\">A Funda\u00e7\u00e3o de Meio Ambiente do Pantanal refor\u00e7a que a contribui\u00e7\u00e3o \u00e9 importante para a constru\u00e7\u00e3o de pol\u00edticas p\u00fablicas voltadas \u00e0 preserva\u00e7\u00e3o ambiental e ao desenvolvimento sustent\u00e1vel do munic\u00edpio. O preenchimento do formul\u00e1rio leva apenas alguns minutos e pode ser realizado por qualquer morador interessado em colaborar com o planejamento da arboriza\u00e7\u00e3o urbana de Corumb\u00e1.<\/p>\n\n\n\n<p class=\"wp-block-paragraph\">O formul\u00e1rio pode ser acessado pelo link:&nbsp;<a href=\"https:\/\/sistema.arboran.com.br\/?utm_source=chatgpt.com#\/diagnostico\/681e0dea-f24d-47fc-8969-a60ab1bf5365\"><strong>Consulta P\u00fablica do Plano Municipal de Arboriza\u00e7\u00e3o Urbana<\/strong><\/a>. A consulta deve ficar aberta por mais 30 dias, segundo a FMAP.<\/p>\n","protected":false},"excerpt":{"rendered":"<p>Fonte:&nbsp;Assessoria de Comunica\u00e7\u00e3o da PMC&nbsp;em 21 de Julho de 2026 Divulga\u00e7\u00e3o A consulta p\u00fablica que vai contribuir para a elabora\u00e7\u00e3o do Plano Municipal de Arboriza\u00e7\u00e3o Urbana (PMAU) de Corumb\u00e1 continua aberta \u00e0 participa\u00e7\u00e3o da popula\u00e7\u00e3o. A iniciativa da Prefeitura de Corumb\u00e1, por meio da Funda\u00e7\u00e3o de Meio Ambiente do Pantanal (FMAP), busca reunir sugest\u00f5es, identificar [&hellip;]<\/p>\n","protected":false},"author":1,"featured_media":11756468,"comment_status":"closed","ping_status":"open","sticky":false,"template":"","format":"standard","meta":{"footnotes":""},"categories":[2,3],"tags":[],"class_list":["post-11756467","post","type-post","status-publish","format-standard","has-post-thumbnail","hentry","category-corumba","category-destaque"],"_links":{"self":[{"href":"https:\/\/bandfmcorumba.agoranoar.com.br\/index.php\/wp-json\/wp\/v2\/posts\/11756467","targetHints":{"allow":["GET"]}}],"collection":[{"href":"https:\/\/bandfmcorumba.agoranoar.com.br\/index.php\/wp-json\/wp\/v2\/posts"}],"about":[{"href":"https:\/\/bandfmcorumba.agoranoar.com.br\/index.php\/wp-json\/wp\/v2\/types\/post"}],"author":[{"embeddable":true,"href":"https:\/\/bandfmcorumba.agoranoar.com.br\/index.php\/wp-json\/wp\/v2\/users\/1"}],"replies":[{"embeddable":true,"href":"https:\/\/bandfmcorumba.agoranoar.com.br\/index.php\/wp-json\/wp\/v2\/comments?post=11756467"}],"version-history":[{"count":0,"href":"https:\/\/bandfmcorumba.agoranoar.com.br\/index.php\/wp-json\/wp\/v2\/posts\/11756467\/revisions"}],"wp:attachment":[{"href":"https:\/\/bandfmcorumba.agoranoar.com.br\/index.php\/wp-json\/wp\/v2\/media?parent=11756467"}],"wp:term":[{"taxonomy":"category","embeddable":true,"href":"https:\/\/bandfmcorumba.agoranoar.com.br\/index.php\/wp-json\/wp\/v2\/categories?post=11756467"},{"taxonomy":"post_tag","embeddable":true,"href":"https:\/\/bandfmcorumba.agoranoar.com.br\/index.php\/wp-json\/wp\/v2\/tags?post=11756467"}],"curies":[{"name":"wp","href":"https:\/\/api.w.org\/{rel}","templated":true}]}}