{"id":11756464,"date":"2026-07-21T13:51:55","date_gmt":"2026-07-21T17:51:55","guid":{"rendered":"https:\/\/grupopantanalms.com.br\/?p=11756464"},"modified":"2026-07-21T13:51:55","modified_gmt":"2026-07-21T17:51:55","slug":"apos-quatro-incendios-em-24h-corpo-de-bombeiros-reforca-alerta-para-periodo-de-estiagem","status":"publish","type":"post","link":"https:\/\/bandfmcorumba.agoranoar.com.br\/index.php\/2026\/07\/21\/apos-quatro-incendios-em-24h-corpo-de-bombeiros-reforca-alerta-para-periodo-de-estiagem\/","title":{"rendered":"Ap\u00f3s quatro inc\u00eandios em 24h, Corpo de Bombeiros refor\u00e7a alerta para per\u00edodo de estiagem"},"content":{"rendered":"\n<p class=\"wp-block-paragraph\"><strong>Leonardo Cabral<\/strong>&nbsp;em 21 de Julho de 2026<\/p>\n\n\n\n\n\n<p class=\"wp-block-paragraph\">O 3\u00ba Grupamento de Bombeiros Militar atendeu quatro ocorr\u00eancias de inc\u00eandios em vegeta\u00e7\u00e3o nas \u00faltimas 24 horas, em diferentes regi\u00f5es de Corumb\u00e1. Os casos refor\u00e7am o alerta das autoridades para o aumento dos focos de queimadas durante o per\u00edodo de estiagem.<\/p>\n\n\n\n<p class=\"wp-block-paragraph\">As equipes foram acionadas pela primeira vez \u00e0s 13h, para combater um inc\u00eandio na rua Edu Rocha, no bairro Aeroporto. Pouco depois, \u00e0s 15h, os bombeiros se deslocaram at\u00e9 a Estrada da Bocaina para controlar outro foco de inc\u00eandio.<\/p>\n\n\n\n<p class=\"wp-block-paragraph\">A terceira ocorr\u00eancia foi registrada \u00e0s 17h, na rua Amazonas, nos fundos da pista do Aeroporto Internacional de Corumb\u00e1. J\u00e1 o quarto atendimento aconteceu por volta das 19h30, no Parque Municipal Natural das Piraputangas, BR-262, na regi\u00e3o do Vale dos Orix\u00e1s.<\/p>\n\n\n\n<p class=\"wp-block-paragraph\">Em todos os chamados, as guarni\u00e7\u00f5es realizaram o combate direto \u00e0s chamas e o trabalho de rescaldo, eliminando os focos remanescentes e impedindo a propaga\u00e7\u00e3o do fogo para \u00e1reas maiores.<\/p>\n\n\n\n<p class=\"wp-block-paragraph\"><strong>Alerta<\/strong><\/p>\n\n\n\n<p class=\"wp-block-paragraph\">No per\u00edodo de estiagem, a vegeta\u00e7\u00e3o fica mais seca e suscet\u00edvel ao fogo,&nbsp;o que aumenta&nbsp;o risco de inc\u00eandios.<\/p>\n\n\n\n<p class=\"wp-block-paragraph\">Com as condi\u00e7\u00f5es de tempo seco e rajadas de vento na regi\u00e3o, o Corpo de Bombeiros Militar refor\u00e7a as seguintes orienta\u00e7\u00f5es:<\/p>\n\n\n\n<p class=\"wp-block-paragraph\"><em><strong>&#8211; N\u00e3o realizar queimadas para limpeza de terrenos;<\/strong><\/em><\/p>\n\n\n\n<p class=\"wp-block-paragraph\"><em><strong>&#8211; Evitar o uso de fogo pr\u00f3ximo a \u00e1reas de mata, quintais ou pastagens;<\/strong><\/em><\/p>\n\n\n\n<p class=\"wp-block-paragraph\"><em><strong>&#8211; N\u00e3o jogar bitucas de cigarro em vias p\u00fablicas, terrenos ou margens de rodovias;<\/strong><\/em><\/p>\n\n\n\n<p class=\"wp-block-paragraph\"><em><strong>&#8211; Recolher e descartar corretamente o lixo dom\u00e9stico;<\/strong><\/em><\/p>\n\n\n\n<p class=\"wp-block-paragraph\"><em><strong>&#8211; Acionar imediatamente o Corpo de Bombeiros pelo telefone 193 em caso de foco de inc\u00eandio.<\/strong><\/em><\/p>\n\n\n\n<p class=\"wp-block-paragraph\"><\/p>\n\n\n\n<p class=\"wp-block-paragraph\"><strong><br>\u00c9 crime<\/strong><\/p>\n\n\n\n<p class=\"wp-block-paragraph\">Provocar inc\u00eandio em mata ou floresta pode gerar pris\u00e3o em flagrante. A pessoa poder\u00e1 sair sob fian\u00e7a para responder ao processo em liberdade. A pena prevista \u00e9 de dois a quatro anos de reclus\u00e3o. Al\u00e9m disso, o infrator pode ser autuado administrativamente e multado entre 1.000,00 por hectare ou fra\u00e7\u00e3o em \u00e1rea agropastoril, ou vegeta\u00e7\u00e3o n\u00e3o protegida por lei, e de at\u00e9 R$ 7.000,00 por hectare em vegeta\u00e7\u00e3o protegida.<\/p>\n\n\n\n<p class=\"wp-block-paragraph\">Tanto no per\u00edmetro rural como urbano, o infrator tamb\u00e9m poder\u00e1 responder por crime de polui\u00e7\u00e3o, com pena prevista de um a quatro anos de reclus\u00e3o, bem como ser autuado administrativamente e receber multa de R$ 5.000,00 a R$ 50.000.000,00. Em todos os casos, os infratores poder\u00e3o sofrer a\u00e7\u00e3o civil para repara\u00e7\u00e3o dos danos ambientais.<\/p>\n","protected":false},"excerpt":{"rendered":"<p>Leonardo Cabral&nbsp;em 21 de Julho de 2026 O 3\u00ba Grupamento de Bombeiros Militar atendeu quatro ocorr\u00eancias de inc\u00eandios em vegeta\u00e7\u00e3o nas \u00faltimas 24 horas, em diferentes regi\u00f5es de Corumb\u00e1. Os casos refor\u00e7am o alerta das autoridades para o aumento dos focos de queimadas durante o per\u00edodo de estiagem. As equipes foram acionadas pela primeira vez [&hellip;]<\/p>\n","protected":false},"author":1,"featured_media":11756465,"comment_status":"closed","ping_status":"open","sticky":false,"template":"","format":"standard","meta":{"footnotes":""},"categories":[2,3],"tags":[],"class_list":["post-11756464","post","type-post","status-publish","format-standard","has-post-thumbnail","hentry","category-corumba","category-destaque"],"_links":{"self":[{"href":"https:\/\/bandfmcorumba.agoranoar.com.br\/index.php\/wp-json\/wp\/v2\/posts\/11756464","targetHints":{"allow":["GET"]}}],"collection":[{"href":"https:\/\/bandfmcorumba.agoranoar.com.br\/index.php\/wp-json\/wp\/v2\/posts"}],"about":[{"href":"https:\/\/bandfmcorumba.agoranoar.com.br\/index.php\/wp-json\/wp\/v2\/types\/post"}],"author":[{"embeddable":true,"href":"https:\/\/bandfmcorumba.agoranoar.com.br\/index.php\/wp-json\/wp\/v2\/users\/1"}],"replies":[{"embeddable":true,"href":"https:\/\/bandfmcorumba.agoranoar.com.br\/index.php\/wp-json\/wp\/v2\/comments?post=11756464"}],"version-history":[{"count":0,"href":"https:\/\/bandfmcorumba.agoranoar.com.br\/index.php\/wp-json\/wp\/v2\/posts\/11756464\/revisions"}],"wp:attachment":[{"href":"https:\/\/bandfmcorumba.agoranoar.com.br\/index.php\/wp-json\/wp\/v2\/media?parent=11756464"}],"wp:term":[{"taxonomy":"category","embeddable":true,"href":"https:\/\/bandfmcorumba.agoranoar.com.br\/index.php\/wp-json\/wp\/v2\/categories?post=11756464"},{"taxonomy":"post_tag","embeddable":true,"href":"https:\/\/bandfmcorumba.agoranoar.com.br\/index.php\/wp-json\/wp\/v2\/tags?post=11756464"}],"curies":[{"name":"wp","href":"https:\/\/api.w.org\/{rel}","templated":true}]}}