{"id":11756461,"date":"2026-07-21T09:42:29","date_gmt":"2026-07-21T13:42:29","guid":{"rendered":"https:\/\/grupopantanalms.com.br\/?p=11756461"},"modified":"2026-07-21T09:42:29","modified_gmt":"2026-07-21T13:42:29","slug":"homem-perde-a-vida-apos-ataque-com-arma-branca-em-corumba-suspeito-e-preso-em-flagrante","status":"publish","type":"post","link":"https:\/\/bandfmcorumba.agoranoar.com.br\/index.php\/2026\/07\/21\/homem-perde-a-vida-apos-ataque-com-arma-branca-em-corumba-suspeito-e-preso-em-flagrante\/","title":{"rendered":"Homem perde a vida ap\u00f3s ataque com arma branca em Corumb\u00e1; suspeito \u00e9 preso em flagrante"},"content":{"rendered":"\n<p class=\"wp-block-paragraph\">Por OGPC NEWS Corumb\u00e1 21\/Jul\/2026<\/p>\n\n\n\n\n\n<p class=\"wp-block-paragraph\">Um homem de 37 anos perdeu sua vida na madrugada desta ter\u00e7a-feira (21), em uma resid\u00eancia localizada na Rua Minas Gerais, esquina com a Rua Ant\u00f4nio Maria, no bairro Cristo Redentor, em Corumb\u00e1.<\/p>\n\n\n\n<p class=\"wp-block-paragraph\">Segundo informa\u00e7\u00f5es divulgadas pela Pol\u00edcia Militar de Mato Grosso do Sul (PMMS) e pelo Corpo de Bombeiros Militar, equipes foram acionadas ap\u00f3s uma den\u00fancia envolvendo uma poss\u00edvel agress\u00e3o no local. Como a resid\u00eancia estava fechada, os bombeiros realizaram a entrada for\u00e7ada para permitir o acesso das equipes de atendimento.<\/p>\n\n\n\n<p class=\"wp-block-paragraph\">No interior do im\u00f3vel, a v\u00edtima foi encontrada ca\u00edda em um corredor entre a resid\u00eancia e a oficina mec\u00e2nica de sua propriedade. O homem apresentava m\u00faltiplas perfura\u00e7\u00f5es provocadas por arma branca e j\u00e1 n\u00e3o apresentava sinais vitais. O m\u00e9dico do Servi\u00e7o de Atendimento M\u00f3vel de Urg\u00eancia (SAMU) confirmou o \u00f3bito.<\/p>\n\n\n\n<p class=\"wp-block-paragraph\">De acordo com as autoridades, havia ind\u00edcios de que o crime havia ocorrido algum tempo antes da chegada das equipes, devido \u00e0s condi\u00e7\u00f5es encontradas no local.<\/p>\n\n\n\n<p class=\"wp-block-paragraph\">Ainda conforme a Pol\u00edcia Militar, as primeiras informa\u00e7\u00f5es apontaram que o suspeito teria ido at\u00e9 a oficina para confrontar a v\u00edtima em raz\u00e3o de um desentendimento de natureza pessoal. Ap\u00f3s dilig\u00eancias, os policiais localizaram o suspeito em sua resid\u00eancia. Durante os procedimentos na Delegacia de Pol\u00edcia Civil, ele confessou a autoria do crime e foi autuado em flagrante. A arma utilizada n\u00e3o foi localizada.<\/p>\n\n\n\n<p class=\"wp-block-paragraph\">A \u00e1rea foi isolada para os trabalhos da Pol\u00edcia Cient\u00edfica, e a Pol\u00edcia Civil dar\u00e1 continuidade \u00e0s investiga\u00e7\u00f5es para esclarecer todos os detalhes do caso.<\/p>\n\n\n\n<p class=\"wp-block-paragraph\">Fonte: Assessoria de Comunica\u00e7\u00e3o da Pol\u00edcia Militar de Mato Grosso do Sul (6\u00ba BPM) e Assessoria de Comunica\u00e7\u00e3o do Corpo de Bombeiros Militar de Mato Grosso do Sul.<\/p>\n","protected":false},"excerpt":{"rendered":"<p>Por OGPC NEWS Corumb\u00e1 21\/Jul\/2026 Um homem de 37 anos perdeu sua vida na madrugada desta ter\u00e7a-feira (21), em uma resid\u00eancia localizada na Rua Minas Gerais, esquina com a Rua Ant\u00f4nio Maria, no bairro Cristo Redentor, em Corumb\u00e1. Segundo informa\u00e7\u00f5es divulgadas pela Pol\u00edcia Militar de Mato Grosso do Sul (PMMS) e pelo Corpo de Bombeiros [&hellip;]<\/p>\n","protected":false},"author":1,"featured_media":11756462,"comment_status":"closed","ping_status":"open","sticky":false,"template":"","format":"standard","meta":{"footnotes":""},"categories":[2],"tags":[],"class_list":["post-11756461","post","type-post","status-publish","format-standard","has-post-thumbnail","hentry","category-corumba"],"_links":{"self":[{"href":"https:\/\/bandfmcorumba.agoranoar.com.br\/index.php\/wp-json\/wp\/v2\/posts\/11756461","targetHints":{"allow":["GET"]}}],"collection":[{"href":"https:\/\/bandfmcorumba.agoranoar.com.br\/index.php\/wp-json\/wp\/v2\/posts"}],"about":[{"href":"https:\/\/bandfmcorumba.agoranoar.com.br\/index.php\/wp-json\/wp\/v2\/types\/post"}],"author":[{"embeddable":true,"href":"https:\/\/bandfmcorumba.agoranoar.com.br\/index.php\/wp-json\/wp\/v2\/users\/1"}],"replies":[{"embeddable":true,"href":"https:\/\/bandfmcorumba.agoranoar.com.br\/index.php\/wp-json\/wp\/v2\/comments?post=11756461"}],"version-history":[{"count":0,"href":"https:\/\/bandfmcorumba.agoranoar.com.br\/index.php\/wp-json\/wp\/v2\/posts\/11756461\/revisions"}],"wp:attachment":[{"href":"https:\/\/bandfmcorumba.agoranoar.com.br\/index.php\/wp-json\/wp\/v2\/media?parent=11756461"}],"wp:term":[{"taxonomy":"category","embeddable":true,"href":"https:\/\/bandfmcorumba.agoranoar.com.br\/index.php\/wp-json\/wp\/v2\/categories?post=11756461"},{"taxonomy":"post_tag","embeddable":true,"href":"https:\/\/bandfmcorumba.agoranoar.com.br\/index.php\/wp-json\/wp\/v2\/tags?post=11756461"}],"curies":[{"name":"wp","href":"https:\/\/api.w.org\/{rel}","templated":true}]}}