{"id":11756446,"date":"2026-07-21T07:57:02","date_gmt":"2026-07-21T11:57:02","guid":{"rendered":"https:\/\/grupopantanalms.com.br\/?p=11756446"},"modified":"2026-07-21T07:57:02","modified_gmt":"2026-07-21T11:57:02","slug":"ons-determina-reducao-de-15-na-vazao-do-rio-parana-em-usina-na-divisa-de-ms-e-sp","status":"publish","type":"post","link":"https:\/\/bandfmcorumba.agoranoar.com.br\/index.php\/2026\/07\/21\/ons-determina-reducao-de-15-na-vazao-do-rio-parana-em-usina-na-divisa-de-ms-e-sp\/","title":{"rendered":"ONS determina redu\u00e7\u00e3o de 15% na vaz\u00e3o do Rio Paran\u00e1 em usina na divisa de MS e SP"},"content":{"rendered":"\n<p class=\"wp-block-paragraph\"><img loading=\"lazy\" decoding=\"async\" width=\"26\" height=\"26\" alt=\"\" src=\"https:\/\/folhams.com.br\/wp-content\/uploads\/2026\/02\/avatar-150x150.jpg\">Por<a href=\"https:\/\/folhams.com.br\/author\/erik-silva\/\">Erik Silva<\/a><\/p>\n\n\n\n\n\n<h2 class=\"wp-block-heading\">Opera\u00e7\u00e3o come\u00e7ou nesta segunda e prev\u00ea redu\u00e7\u00e3o gradual da vaz\u00e3o de 4.600 para 3.900 metros c\u00fabicos por segundo para preservar reservat\u00f3rios diante da estiagem prevista.<\/h2>\n\n\n\n<p class=\"wp-block-paragraph\">O Operador Nacional do Sistema El\u00e9trico determinou a redu\u00e7\u00e3o da vaz\u00e3o do Rio Paran\u00e1 na \u00e1rea da Usina Hidrel\u00e9trica Engenheiro S\u00e9rgio Motta conhecida como Porto Primavera e a Companhia Energ\u00e9tica de S\u00e3o Paulo iniciou a manobra nesta segunda-feira 20 com a vaz\u00e3o passando de 4.600 para 3.900 metros c\u00fabicos por segundo o que representa uma queda de cerca de 15 por cento.<\/p>\n\n\n\n<p class=\"wp-block-paragraph\">A transfer\u00eancia de volumes \u00e9 parte de uma estrat\u00e9gia para proteger n\u00edveis dos reservat\u00f3rios e manter a seguran\u00e7a do sistema el\u00e9trico caso as chuvas fiquem abaixo da m\u00e9dia nos pr\u00f3ximos meses Paulo Rodrigues Souza gerente do Centro de Opera\u00e7\u00f5es da Cesp explicou a raz\u00e3o do planejamento. \u201cEsse planejamento \u00e9 essencial para assegurar a disponibilidade dos recursos h\u00eddricos e a seguran\u00e7a do sistema el\u00e9trico nacional nos pr\u00f3ximos meses, quando a estiagem pode se intensificar em algumas regi\u00f5es do pa\u00eds\u201d.<\/p>\n\n\n\n<p class=\"wp-block-paragraph\">A opera\u00e7\u00e3o ser\u00e1 conduzida de forma gradual e a redu\u00e7\u00e3o da libera\u00e7\u00e3o de \u00e1gua da barragem deve permitir maior armazenamento para garantir gera\u00e7\u00e3o futura caso a seca avance.<\/p>\n\n\n\n<p class=\"wp-block-paragraph\">A diminui\u00e7\u00e3o na vaz\u00e3o pode provocar queda do n\u00edvel do rio em alguns trechos forma\u00e7\u00e3o de bancos de areia e altera\u00e7\u00f5es na fauna aqu\u00e1tica por essa raz\u00e3o a empresa informou que manter\u00e1 equipes em campo para acompanhamento ambiental e medidas de resposta quando necess\u00e1rio.<\/p>\n\n\n\n<p class=\"wp-block-paragraph\">Odemberg Veronez gerente de Sustentabilidade da Cesp detalhou o acompanhamento ambiental. \u201cO monitoramento ambiental \u00e9 uma etapa essencial durante as altera\u00e7\u00f5es operacionais de uma usina hidrel\u00e9trica. As equipes da Cesp permanecem em campo acompanhando a qualidade da \u00e1gua e o comportamento dos peixes para identificar poss\u00edveis mudan\u00e7as nas condi\u00e7\u00f5es do rio e orientar medidas preventivas para a prote\u00e7\u00e3o da biodiversidade\u201d.<\/p>\n\n\n\n<p class=\"wp-block-paragraph\">Segundo a companhia o monitoramento inclui avalia\u00e7\u00e3o da qualidade da \u00e1gua acompanhamento da fauna uso de drones para inspe\u00e7\u00e3o de \u00e1reas de dif\u00edcil acesso e a\u00e7\u00f5es de resgate de animais quando exigidas.<\/p>\n\n\n\n<p class=\"wp-block-paragraph\">A Usina Porto Primavera est\u00e1 instalada na divisa entre S\u00e3o Paulo e Mato Grosso do Sul nas proximidades de Anauril\u00e2ndia e Bataypor\u00e3 e sua \u00e1rea de influ\u00eancia alcan\u00e7a tamb\u00e9m Brasil\u00e2ndia Santa Rita do Pardo e Tr\u00eas Lagoas altera\u00e7\u00f5es na opera\u00e7\u00e3o da barragem podem refletir nas condi\u00e7\u00f5es do rio e nas atividades desenvolvidas nesses munic\u00edpios.<\/p>\n","protected":false},"excerpt":{"rendered":"<p>PorErik Silva Opera\u00e7\u00e3o come\u00e7ou nesta segunda e prev\u00ea redu\u00e7\u00e3o gradual da vaz\u00e3o de 4.600 para 3.900 metros c\u00fabicos por segundo para preservar reservat\u00f3rios diante da estiagem prevista. O Operador Nacional do Sistema El\u00e9trico determinou a redu\u00e7\u00e3o da vaz\u00e3o do Rio Paran\u00e1 na \u00e1rea da Usina Hidrel\u00e9trica Engenheiro S\u00e9rgio Motta conhecida como Porto Primavera e a [&hellip;]<\/p>\n","protected":false},"author":1,"featured_media":11756447,"comment_status":"closed","ping_status":"open","sticky":false,"template":"","format":"standard","meta":{"footnotes":""},"categories":[7],"tags":[],"class_list":["post-11756446","post","type-post","status-publish","format-standard","has-post-thumbnail","hentry","category-geral"],"_links":{"self":[{"href":"https:\/\/bandfmcorumba.agoranoar.com.br\/index.php\/wp-json\/wp\/v2\/posts\/11756446","targetHints":{"allow":["GET"]}}],"collection":[{"href":"https:\/\/bandfmcorumba.agoranoar.com.br\/index.php\/wp-json\/wp\/v2\/posts"}],"about":[{"href":"https:\/\/bandfmcorumba.agoranoar.com.br\/index.php\/wp-json\/wp\/v2\/types\/post"}],"author":[{"embeddable":true,"href":"https:\/\/bandfmcorumba.agoranoar.com.br\/index.php\/wp-json\/wp\/v2\/users\/1"}],"replies":[{"embeddable":true,"href":"https:\/\/bandfmcorumba.agoranoar.com.br\/index.php\/wp-json\/wp\/v2\/comments?post=11756446"}],"version-history":[{"count":0,"href":"https:\/\/bandfmcorumba.agoranoar.com.br\/index.php\/wp-json\/wp\/v2\/posts\/11756446\/revisions"}],"wp:attachment":[{"href":"https:\/\/bandfmcorumba.agoranoar.com.br\/index.php\/wp-json\/wp\/v2\/media?parent=11756446"}],"wp:term":[{"taxonomy":"category","embeddable":true,"href":"https:\/\/bandfmcorumba.agoranoar.com.br\/index.php\/wp-json\/wp\/v2\/categories?post=11756446"},{"taxonomy":"post_tag","embeddable":true,"href":"https:\/\/bandfmcorumba.agoranoar.com.br\/index.php\/wp-json\/wp\/v2\/tags?post=11756446"}],"curies":[{"name":"wp","href":"https:\/\/api.w.org\/{rel}","templated":true}]}}