{"id":11756423,"date":"2026-07-20T15:48:10","date_gmt":"2026-07-20T19:48:10","guid":{"rendered":"https:\/\/grupopantanalms.com.br\/?p=11756423"},"modified":"2026-07-20T15:48:10","modified_gmt":"2026-07-20T19:48:10","slug":"jeep-invade-preferencial-e-bate-em-motociclista-em-cruzamento-perigoso-no-columbia","status":"publish","type":"post","link":"https:\/\/bandfmcorumba.agoranoar.com.br\/index.php\/2026\/07\/20\/jeep-invade-preferencial-e-bate-em-motociclista-em-cruzamento-perigoso-no-columbia\/","title":{"rendered":"Jeep invade preferencial e bate em motociclista em cruzamento perigoso no Col\u00fambia"},"content":{"rendered":"\n<p class=\"wp-block-paragraph\">Aline Machado-20\/07\/2026<\/p>\n\n\n\n\n\n<p class=\"wp-block-paragraph\">Mais um acidente foi registrado no cruzamento da Rua Urariocara e da Avenida Caruma, entre os bairros Nova Lima e&nbsp;<a href=\"https:\/\/midiamax.com.br\/municipios\/jardim\/\">Jardim<\/a>&nbsp;Col\u00fambia, na regi\u00e3o norte de&nbsp;<a href=\"https:\/\/midiamax.com.br\/municipios\/campo-grande\/\">Campo Grande<\/a>. O local \u00e9 o mesmo onde o motociclista Jorge Willian Pawlowsky morreu ap\u00f3s ser atingido por uma camionete que teria avan\u00e7ado o \u2018Pare\u2019, no dia 15 de maio deste ano.<\/p>\n\n\n\n<p class=\"wp-block-paragraph\">Nesta segunda-feira (20), um motociclista sofreu ferimentos e foi socorrido com suspeita de fratura ap\u00f3s ser atingido pelo condutor de um ve\u00edculo Jeep, que teria desrespeitado a sinaliza\u00e7\u00e3o e passado direto pelo \u2018Pare\u2019.<\/p>\n\n\n\n<p class=\"wp-block-paragraph\">\u201cEsse cruzamento \u00e9 terr\u00edvel. Toda semana tem acidente, inclusive, j\u00e1 houve acidentes com mortes. Fizeram um quebra-molas, mas apenas em um sentido da avenida. Seria bom se tivesse pelo menos mais quebra-molas ou um sem\u00e1foro, porque aqui \u00e9 a principal avenida do bairro e tem movimento constante de crian\u00e7as\u201d, frisa um morador da regi\u00e3o.<\/p>\n\n\n\n<p class=\"wp-block-paragraph\">Ao&nbsp;<strong>Midiamax<\/strong>, uma testemunha contou que o motociclista seguia pela Avenida Caruma quando foi atingido pelo condutor de um ve\u00edculo Jeep Renegade, que estava na Rua Urariocara. Segundo os relatos, o motorista teria desrespeitado a sinaliza\u00e7\u00e3o de \u2018Pare\u2019.<\/p>\n\n\n\n<p class=\"wp-block-paragraph\">\u201cA prioridade era do motociclista. O Jeep estava na Rua Urariocara e ali tem um \u2018Pare\u2019, mas ele furou. Para n\u00e3o bater, o motociclista que seguia pela avenida teve que frear de forma brusca. Ele foi jogado da moto\u201d, relata.<\/p>\n\n\n\n<p class=\"wp-block-paragraph\">Devido \u00e0 queda, o motociclista sofreu ferimentos, al\u00e9m de suspeita de fratura. Ele foi socorrido por uma equipe do Corpo de Bombeiros e encaminhado para atendimento m\u00e9dico. O estado de sa\u00fade n\u00e3o foi informado.<\/p>\n\n\n\n<p class=\"wp-block-paragraph\">A reportagem do&nbsp;<strong>Midiamax<\/strong>&nbsp;entrou em contato com a Agetran (Ag\u00eancia Municipal de Transporte e Tr\u00e2nsito) para saber quais medidas devem ser adotadas para reduzir os acidentes na regi\u00e3o; mas, at\u00e9 o fechamento deste texto, n\u00e3o obteve retorno. O espa\u00e7o segue aberto a manifesta\u00e7\u00f5es.<\/p>\n\n\n\n<h3 class=\"wp-block-heading\"><strong>Acidente com morte no mesmo cruzamento<\/strong><\/h3>\n\n\n\n<p class=\"wp-block-paragraph\">O acidente aconteceu no mesmo cruzamento onde\u00a0<strong><a href=\"https:\/\/midiamax.com.br\/policia\/transito\/2026\/capacete-solta-motociclista-morre-colidir-caminhonete-jardim-columbia\/\" target=\"_blank\" rel=\"noreferrer noopener\">o motociclista Jorge Willian Pawlowsky morreu ap\u00f3s ser atingido por uma camionete, no dia 15 de maio deste ano<\/a>.<\/strong><\/p>\n\n\n\n<p class=\"wp-block-paragraph\">Na ocasi\u00e3o, o motociclista estava no hor\u00e1rio de almo\u00e7o e seguia pela Avenida Caruma quando ocorreu o acidente. O motorista tamb\u00e9m teria avan\u00e7ado o \u2018Pare\u2019 e atingido a v\u00edtima.<\/p>\n\n\n\n<p class=\"wp-block-paragraph\">Os bombeiros que atenderam a ocorr\u00eancia disseram que o capacete de Jorge estava frouxo e saiu. Ent\u00e3o, ele acabou batendo a cabe\u00e7a e sofreu um rompimento do cr\u00e2nio.<\/p>\n\n\n\n<p class=\"wp-block-paragraph\">Al\u00e9m dos bombeiros, uma equipe do Samu (Servi\u00e7o de Atendimento M\u00f3vel de Urg\u00eancia) e da Pol\u00edcia Militar foram ao local. Segundo os socorristas, Jorge morreu na hora e n\u00e3o houve chance de reanima\u00e7\u00e3o.<\/p>\n","protected":false},"excerpt":{"rendered":"<p>Aline Machado-20\/07\/2026 Mais um acidente foi registrado no cruzamento da Rua Urariocara e da Avenida Caruma, entre os bairros Nova Lima e&nbsp;Jardim&nbsp;Col\u00fambia, na regi\u00e3o norte de&nbsp;Campo Grande. O local \u00e9 o mesmo onde o motociclista Jorge Willian Pawlowsky morreu ap\u00f3s ser atingido por uma camionete que teria avan\u00e7ado o \u2018Pare\u2019, no dia 15 de maio [&hellip;]<\/p>\n","protected":false},"author":1,"featured_media":11756424,"comment_status":"closed","ping_status":"open","sticky":false,"template":"","format":"standard","meta":{"footnotes":""},"categories":[5],"tags":[],"class_list":["post-11756423","post","type-post","status-publish","format-standard","has-post-thumbnail","hentry","category-policia"],"_links":{"self":[{"href":"https:\/\/bandfmcorumba.agoranoar.com.br\/index.php\/wp-json\/wp\/v2\/posts\/11756423","targetHints":{"allow":["GET"]}}],"collection":[{"href":"https:\/\/bandfmcorumba.agoranoar.com.br\/index.php\/wp-json\/wp\/v2\/posts"}],"about":[{"href":"https:\/\/bandfmcorumba.agoranoar.com.br\/index.php\/wp-json\/wp\/v2\/types\/post"}],"author":[{"embeddable":true,"href":"https:\/\/bandfmcorumba.agoranoar.com.br\/index.php\/wp-json\/wp\/v2\/users\/1"}],"replies":[{"embeddable":true,"href":"https:\/\/bandfmcorumba.agoranoar.com.br\/index.php\/wp-json\/wp\/v2\/comments?post=11756423"}],"version-history":[{"count":0,"href":"https:\/\/bandfmcorumba.agoranoar.com.br\/index.php\/wp-json\/wp\/v2\/posts\/11756423\/revisions"}],"wp:attachment":[{"href":"https:\/\/bandfmcorumba.agoranoar.com.br\/index.php\/wp-json\/wp\/v2\/media?parent=11756423"}],"wp:term":[{"taxonomy":"category","embeddable":true,"href":"https:\/\/bandfmcorumba.agoranoar.com.br\/index.php\/wp-json\/wp\/v2\/categories?post=11756423"},{"taxonomy":"post_tag","embeddable":true,"href":"https:\/\/bandfmcorumba.agoranoar.com.br\/index.php\/wp-json\/wp\/v2\/tags?post=11756423"}],"curies":[{"name":"wp","href":"https:\/\/api.w.org\/{rel}","templated":true}]}}