{"id":11756384,"date":"2026-07-20T08:19:10","date_gmt":"2026-07-20T12:19:10","guid":{"rendered":"https:\/\/grupopantanalms.com.br\/?p=11756384"},"modified":"2026-07-20T08:19:10","modified_gmt":"2026-07-20T12:19:10","slug":"julho-amarelo-o-alerta-contra-o-inimigo-silencioso-do-figado","status":"publish","type":"post","link":"https:\/\/bandfmcorumba.agoranoar.com.br\/index.php\/2026\/07\/20\/julho-amarelo-o-alerta-contra-o-inimigo-silencioso-do-figado\/","title":{"rendered":"Julho Amarelo: o alerta contra o inimigo silencioso do f\u00edgado"},"content":{"rendered":"\n<p class=\"wp-block-paragraph\"><strong>Da Reda\u00e7\u00e3o<\/strong>&nbsp;em 19 de Julho de 2026<\/p>\n\n\n\n<p class=\"wp-block-paragraph\">Reprodu\u00e7\u00e3o<\/p>\n\n\n\n\n\n<p class=\"wp-block-paragraph\">O m\u00eas de julho carrega uma cor forte por um motivo vital: a conscientiza\u00e7\u00e3o sobre as hepatites virais. Conhecida como&nbsp;<em>Julho Amarelo<\/em>, a campanha nacional joga luz sobre infec\u00e7\u00f5es que atacam o f\u00edgado e, muitas vezes, agem de forma silenciosa por d\u00e9cadas. Estima-se que milh\u00f5es de pessoas tenham o v\u00edrus e n\u00e3o saibam, o que torna o diagn\u00f3stico precoce o principal escudo para salvar vidas.&nbsp;<\/p>\n\n\n\n<p class=\"wp-block-paragraph\">Compreender as formas de cont\u00e1gio \u00e9 o primeiro passo para a preven\u00e7\u00e3o. Os v\u00edrus das hepatites agem de maneiras distintas no cotidiano:<\/p>\n\n\n\n<p class=\"wp-block-paragraph\"><strong>Hepatite A:<\/strong>&nbsp;Transmitida pela via fecal-oral. Ocorre pelo consumo de \u00e1gua ou alimentos contaminados, ou por condi\u00e7\u00f5es prec\u00e1rias de saneamento b\u00e1sico e higiene pessoal.<\/p>\n\n\n\n<p class=\"wp-block-paragraph\"><strong>Hepatite B:<\/strong>&nbsp;Transmitida pelo sangue e fluidos corporais. O cont\u00e1gio acontece em rela\u00e7\u00f5es sexuais desprotegidas, compartilhamento de agulhas, l\u00e2minas de barbear, alicates de unha n\u00e3o esterilizados ou da m\u00e3e para o filho durante a gesta\u00e7\u00e3o e o parto.<\/p>\n\n\n\n<p class=\"wp-block-paragraph\"><strong>Hepatite C:<\/strong>&nbsp;Transmitida principalmente pelo contato com sangue contaminado. O compartilhamento de seringas, materiais de tatuagem e instrumentos de manicure sem a devida esteriliza\u00e7\u00e3o s\u00e3o as maiores causas. A transmiss\u00e3o sexual \u00e9 menos frequente, mas poss\u00edvel.&nbsp;<\/p>\n\n\n\n<p class=\"wp-block-paragraph\"><strong>Quem deve se vacinar?<\/strong><\/p>\n\n\n\n<p class=\"wp-block-paragraph\">A vacina\u00e7\u00e3o \u00e9 a forma mais eficaz e segura de preven\u00e7\u00e3o. O Sistema \u00danico de Sa\u00fade (SUS) disponibiliza gratuitamente vacinas para proteger a popula\u00e7\u00e3o:&nbsp;<\/p>\n\n\n\n<p class=\"wp-block-paragraph\"><strong>Vacina contra Hepatite A:<\/strong>&nbsp;\u00c9 indicada para todas as crian\u00e7as aos 15 meses de idade (podendo ser aplicada at\u00e9 os 5 anos incompletos). Tamb\u00e9m est\u00e1 dispon\u00edvel nos Centros de Refer\u00eancia para Imunobiol\u00f3gicos Especiais (CRIE) para adultos com condi\u00e7\u00f5es m\u00e9dicas espec\u00edficas, como pessoas com doen\u00e7as hep\u00e1ticas cr\u00f4nicas ou que passaram por transplante de f\u00edgado.&nbsp;<\/p>\n\n\n\n<p class=\"wp-block-paragraph\"><strong>Vacina contra Hepatite B:<\/strong>&nbsp;\u00c9 universal e recomendada para toda a popula\u00e7\u00e3o, independentemente da idade. O esquema convencional \u00e9 de tr\u00eas doses e deve ser iniciado logo ap\u00f3s o nascimento. \u00c9 fundamental para gestantes, profissionais da sa\u00fade, manicures, profissionais do sexo e pessoas que convivem com portadores do v\u00edrus.<\/p>\n\n\n\n<p class=\"wp-block-paragraph\"><strong>Hepatite C:&nbsp;<\/strong>\u00c9 importante destacar que n\u00e3o existe vacina contra a hepatite C. Por isso, as medidas de preven\u00e7\u00e3o e o diagn\u00f3stico precoce s\u00e3o ainda mais vitais para esse tipo.&nbsp;<\/p>\n\n\n\n<p class=\"wp-block-paragraph\"><strong>Teste no SUS<\/strong><\/p>\n\n\n\n<p class=\"wp-block-paragraph\">A grande armadilha das hepatites B e C \u00e9 a aus\u00eancia de sintomas iniciais. Quando os sinais como cansa\u00e7o, tontura e os olhos amarelados aparecem, a doen\u00e7a j\u00e1 pode estar em est\u00e1gio avan\u00e7ado. Por isso, a testagem \u00e9 fundamental. O SUS oferece o teste r\u00e1pido de forma acess\u00edvel a toda a popula\u00e7\u00e3o:&nbsp;<\/p>\n\n\n\n<p class=\"wp-block-paragraph\">O procedimento \u00e9 extremamente simples. Um profissional de sa\u00fade faz uma pequena picada no dedo para coletar uma gota de sangue.&nbsp;A amostra \u00e9 colocada em um dispositivo de testagem e o diagn\u00f3stico fica pronto em cerca de 30 minutos.&nbsp;<\/p>\n\n\n\n<p class=\"wp-block-paragraph\">O processo \u00e9 totalmente confidencial. Caso o resultado seja positivo, o paciente j\u00e1 recebe o encaminhamento imediato para exames complementares e in\u00edcio do tratamento gratuito.<\/p>\n\n\n\n<p class=\"wp-block-paragraph\">Para o tipo C, embora n\u00e3o haja imuniza\u00e7\u00e3o, os tratamentos modernos alcan\u00e7am a cura em mais de 95% dos casos.&nbsp;<\/p>\n","protected":false},"excerpt":{"rendered":"<p>Da Reda\u00e7\u00e3o&nbsp;em 19 de Julho de 2026 Reprodu\u00e7\u00e3o O m\u00eas de julho carrega uma cor forte por um motivo vital: a conscientiza\u00e7\u00e3o sobre as hepatites virais. Conhecida como&nbsp;Julho Amarelo, a campanha nacional joga luz sobre infec\u00e7\u00f5es que atacam o f\u00edgado e, muitas vezes, agem de forma silenciosa por d\u00e9cadas. Estima-se que milh\u00f5es de pessoas tenham [&hellip;]<\/p>\n","protected":false},"author":1,"featured_media":11756385,"comment_status":"closed","ping_status":"open","sticky":false,"template":"","format":"standard","meta":{"footnotes":""},"categories":[4],"tags":[],"class_list":["post-11756384","post","type-post","status-publish","format-standard","has-post-thumbnail","hentry","category-saude"],"_links":{"self":[{"href":"https:\/\/bandfmcorumba.agoranoar.com.br\/index.php\/wp-json\/wp\/v2\/posts\/11756384","targetHints":{"allow":["GET"]}}],"collection":[{"href":"https:\/\/bandfmcorumba.agoranoar.com.br\/index.php\/wp-json\/wp\/v2\/posts"}],"about":[{"href":"https:\/\/bandfmcorumba.agoranoar.com.br\/index.php\/wp-json\/wp\/v2\/types\/post"}],"author":[{"embeddable":true,"href":"https:\/\/bandfmcorumba.agoranoar.com.br\/index.php\/wp-json\/wp\/v2\/users\/1"}],"replies":[{"embeddable":true,"href":"https:\/\/bandfmcorumba.agoranoar.com.br\/index.php\/wp-json\/wp\/v2\/comments?post=11756384"}],"version-history":[{"count":0,"href":"https:\/\/bandfmcorumba.agoranoar.com.br\/index.php\/wp-json\/wp\/v2\/posts\/11756384\/revisions"}],"wp:attachment":[{"href":"https:\/\/bandfmcorumba.agoranoar.com.br\/index.php\/wp-json\/wp\/v2\/media?parent=11756384"}],"wp:term":[{"taxonomy":"category","embeddable":true,"href":"https:\/\/bandfmcorumba.agoranoar.com.br\/index.php\/wp-json\/wp\/v2\/categories?post=11756384"},{"taxonomy":"post_tag","embeddable":true,"href":"https:\/\/bandfmcorumba.agoranoar.com.br\/index.php\/wp-json\/wp\/v2\/tags?post=11756384"}],"curies":[{"name":"wp","href":"https:\/\/api.w.org\/{rel}","templated":true}]}}