{"id":11756370,"date":"2026-07-20T08:13:50","date_gmt":"2026-07-20T12:13:50","guid":{"rendered":"https:\/\/grupopantanalms.com.br\/?p=11756370"},"modified":"2026-07-20T08:13:50","modified_gmt":"2026-07-20T12:13:50","slug":"incendio-avanca-pela-fronteira-brasil-bolivia-e-mobiliza-operacao-no-pantanal","status":"publish","type":"post","link":"https:\/\/bandfmcorumba.agoranoar.com.br\/index.php\/2026\/07\/20\/incendio-avanca-pela-fronteira-brasil-bolivia-e-mobiliza-operacao-no-pantanal\/","title":{"rendered":"Inc\u00eandio avan\u00e7a pela fronteira Brasil-Bol\u00edvia e mobiliza opera\u00e7\u00e3o no Pantanal"},"content":{"rendered":"\n<p class=\"wp-block-paragraph\"><strong>Campo Grande News<\/strong>&nbsp;em 18 de Julho de 2026<\/p>\n\n\n\n<p class=\"wp-block-paragraph\">Divulga\u00e7\u00e3o\/Corpo de Bombeiros Militar<\/p>\n\n\n\n\n\n<p class=\"wp-block-paragraph\">Um inc\u00eandio que come\u00e7ou na regi\u00e3o de Forte Coimbra, em Corumb\u00e1, no Pantanal de Mato Grosso do Sul, atravessou a fronteira e atingiu o Parque Nacional de Otuquis, na Bol\u00edvia. As chamas avan\u00e7am rapidamente sob condi\u00e7\u00f5es de vento forte, baixa umidade do ar e temperaturas elevadas, enquanto equipes brasileiras atuam no combate e mant\u00eam articula\u00e7\u00e3o com institui\u00e7\u00f5es do pa\u00eds vizinho.<\/p>\n\n\n\n<p class=\"wp-block-paragraph\">De acordo com o subdiretor da Diretoria de Prote\u00e7\u00e3o Ambiental do CBMMS (Corpo de Bombeiros Militar de Mato Grosso do Sul), major Eduardo Rachid Teixeira, o fogo come\u00e7ou na noite de quarta-feira (15) e foi identificado na madrugada de quinta-feira (16). O primeiro combate foi realizado pela equipe da Base Avan\u00e7ada de Forte Coimbra. Com o avan\u00e7o das chamas, a corpora\u00e7\u00e3o refor\u00e7ou a opera\u00e7\u00e3o, enviando militares especializados em inc\u00eandios florestais de Corumb\u00e1 para a regi\u00e3o.<\/p>\n\n\n\n<p class=\"wp-block-paragraph\">No lado brasileiro, conforme a corpora\u00e7\u00e3o, o fogo atinge propriedades particulares abandonadas e sem atividade produtiva. Segundo o major, a for\u00e7a-tarefa conta atualmente com tr\u00eas viaturas e 12 militares atuando diretamente no combate \u00e0s chamas, al\u00e9m de equipes respons\u00e1veis pelo apoio log\u00edstico necess\u00e1rio para manter a opera\u00e7\u00e3o.<\/p>\n\n\n\n<p class=\"wp-block-paragraph\"><strong>Fronteira<\/strong><\/p>\n\n\n\n<p class=\"wp-block-paragraph\">Major Teixeira explica que o avan\u00e7o de inc\u00eandios pela fronteira entre Brasil e Bol\u00edvia \u00e9 uma situa\u00e7\u00e3o considerada comum naquela regi\u00e3o. Isso ocorre porque os dois pa\u00edses compartilham o mesmo bioma, enfrentam condi\u00e7\u00f5es clim\u00e1ticas semelhantes e possuem vegeta\u00e7\u00e3o cont\u00ednua, sem barreiras naturais que impe\u00e7am a propaga\u00e7\u00e3o do fogo.<\/p>\n\n\n\n<p class=\"wp-block-paragraph\">Divulga\u00e7\u00e3o\/Corpo de Bombeiros Militar<img decoding=\"async\" src=\"https:\/\/www.diarionline.com.br\/i.php?i=static\/arquivo\/2026-07\/66f3c4fc-624f-47d0-a52c-95bab5bd8bc5-9cec.jpg&amp;w=753\"><\/p>\n\n\n\n<p class=\"wp-block-paragraph\">Ventos, calor e baixa umidade favoreceram a propaga\u00e7\u00e3oSegundo o oficial, embora neste caso o inc\u00eandio tenha come\u00e7ado em territ\u00f3rio brasileiro e avan\u00e7ado para a Bol\u00edvia, o movimento contr\u00e1rio tamb\u00e9m pode ocorrer. Por esse motivo, as institui\u00e7\u00f5es dos dois pa\u00edses mant\u00eam articula\u00e7\u00e3o e v\u00eam fortalecendo a coopera\u00e7\u00e3o para o enfrentamento de inc\u00eandios florestais na faixa de fronteira.<\/p>\n\n\n\n<p class=\"wp-block-paragraph\">At\u00e9 o momento, n\u00e3o h\u00e1 estimativa da \u00e1rea atingida pelo inc\u00eandio. Segundo a corpora\u00e7\u00e3o, a prioridade segue o combate \u00e0s chamas, e as equipes permanecer\u00e3o mobilizadas enquanto houver necessidade de atua\u00e7\u00e3o.<\/p>\n\n\n\n<p class=\"wp-block-paragraph\">Os dados mais recentes do Programa Queimadas, do Inpe (Instituto Nacional de Pesquisas Espaciais), refor\u00e7am que neste s\u00e1bado (18), Corumb\u00e1 registra oito focos de calor ativos no Pantanal. No acumulado do ano, entre 1\u00ba de janeiro e 17 de julho, o bioma contabiliza 232 focos de calor, frente a 113 registros no mesmo per\u00edodo do ano passado, um aumento de aproximadamente 105%.<\/p>\n\n\n\n<p class=\"wp-block-paragraph\"><strong>Tempo seco e vento<\/strong><\/p>\n\n\n\n<p class=\"wp-block-paragraph\">A previs\u00e3o \u00e9 de que as condi\u00e7\u00f5es meteorol\u00f3gicas permane\u00e7am desfavor\u00e1veis ao controle do inc\u00eandio, com tempo seco, calor intenso e ventos, fatores que favorecem a propaga\u00e7\u00e3o das chamas, impulsionados pelo predom\u00ednio do El Ni\u00f1o. Apesar disso, o CBMMS informou que o fogo perde intensidade ao alcan\u00e7ar a margem do rio Paraguai, que atua como uma barreira natural.<\/p>\n\n\n\n<p class=\"wp-block-paragraph\">Conforme o Inmet (Instituto Nacional de Meteorologia), o Estado est\u00e1 sob aviso de vendaval com grau de severidade classificado como perigo, v\u00e1lido entre a manh\u00e3 deste s\u00e1bado (18) e a noite de domingo (19). J\u00e1 o Cemtec (Centro de Monitoramento do Tempo e do Clima de Mato Grosso do Sul) prev\u00ea umidade relativa do ar entre 10% e 30%, predomin\u00e2ncia de ventos do quadrante norte e aus\u00eancia de chuva pelos pr\u00f3ximos sete dias.<\/p>\n","protected":false},"excerpt":{"rendered":"<p>Campo Grande News&nbsp;em 18 de Julho de 2026 Divulga\u00e7\u00e3o\/Corpo de Bombeiros Militar Um inc\u00eandio que come\u00e7ou na regi\u00e3o de Forte Coimbra, em Corumb\u00e1, no Pantanal de Mato Grosso do Sul, atravessou a fronteira e atingiu o Parque Nacional de Otuquis, na Bol\u00edvia. As chamas avan\u00e7am rapidamente sob condi\u00e7\u00f5es de vento forte, baixa umidade do ar [&hellip;]<\/p>\n","protected":false},"author":1,"featured_media":11756371,"comment_status":"closed","ping_status":"open","sticky":false,"template":"","format":"standard","meta":{"footnotes":""},"categories":[6],"tags":[],"class_list":["post-11756370","post","type-post","status-publish","format-standard","has-post-thumbnail","hentry","category-internacional"],"_links":{"self":[{"href":"https:\/\/bandfmcorumba.agoranoar.com.br\/index.php\/wp-json\/wp\/v2\/posts\/11756370","targetHints":{"allow":["GET"]}}],"collection":[{"href":"https:\/\/bandfmcorumba.agoranoar.com.br\/index.php\/wp-json\/wp\/v2\/posts"}],"about":[{"href":"https:\/\/bandfmcorumba.agoranoar.com.br\/index.php\/wp-json\/wp\/v2\/types\/post"}],"author":[{"embeddable":true,"href":"https:\/\/bandfmcorumba.agoranoar.com.br\/index.php\/wp-json\/wp\/v2\/users\/1"}],"replies":[{"embeddable":true,"href":"https:\/\/bandfmcorumba.agoranoar.com.br\/index.php\/wp-json\/wp\/v2\/comments?post=11756370"}],"version-history":[{"count":0,"href":"https:\/\/bandfmcorumba.agoranoar.com.br\/index.php\/wp-json\/wp\/v2\/posts\/11756370\/revisions"}],"wp:attachment":[{"href":"https:\/\/bandfmcorumba.agoranoar.com.br\/index.php\/wp-json\/wp\/v2\/media?parent=11756370"}],"wp:term":[{"taxonomy":"category","embeddable":true,"href":"https:\/\/bandfmcorumba.agoranoar.com.br\/index.php\/wp-json\/wp\/v2\/categories?post=11756370"},{"taxonomy":"post_tag","embeddable":true,"href":"https:\/\/bandfmcorumba.agoranoar.com.br\/index.php\/wp-json\/wp\/v2\/tags?post=11756370"}],"curies":[{"name":"wp","href":"https:\/\/api.w.org\/{rel}","templated":true}]}}