{"id":11756367,"date":"2026-07-20T08:12:31","date_gmt":"2026-07-20T12:12:31","guid":{"rendered":"https:\/\/grupopantanalms.com.br\/?p=11756367"},"modified":"2026-07-20T08:12:31","modified_gmt":"2026-07-20T12:12:31","slug":"desavenca-termina-em-agressao-com-garrafa-quebrada-e-prisao-em-ladario","status":"publish","type":"post","link":"https:\/\/bandfmcorumba.agoranoar.com.br\/index.php\/2026\/07\/20\/desavenca-termina-em-agressao-com-garrafa-quebrada-e-prisao-em-ladario\/","title":{"rendered":"Desaven\u00e7a termina em agress\u00e3o com garrafa quebrada e pris\u00e3o em Lad\u00e1rio"},"content":{"rendered":"\n<p class=\"wp-block-paragraph\"><strong>Leonardo Cabral<\/strong>\u00a0<\/p>\n\n\n\n<p class=\"wp-block-paragraph\">Anderson Gallo\/Arquivo Di\u00e1rio Corumbaense<\/p>\n\n\n\n\n\n<p class=\"wp-block-paragraph\">Um homem de 42 anos foi levado \u00e0s pressas ao Pronto-Socorro Municipal depois de ser atingido por um golpe de garrafa de vidro quebrada na regi\u00e3o do pesco\u00e7o e da nuca, na tarde de sexta-feira (17), na avenida 14 de Mar\u00e7o, em Lad\u00e1rio. O autor da agress\u00e3o, de 60 anos, foi localizado e preso pouco tempo depois pela Pol\u00edcia Militar.<\/p>\n\n\n\n<p class=\"wp-block-paragraph\">Conforme o boletim de ocorr\u00eancia n\u00ba 263\/2026, obtido pelo&nbsp;<strong>Di\u00e1rio Corumbaense<\/strong>, uma equipe da R\u00e1dio Patrulha realizava policiamento ostensivo nas proximidades da esquina da avenida 14 de Mar\u00e7o com a rua Conde de Azambuja quando foi acionada por um guarda civil municipal.<\/p>\n\n\n\n<p class=\"wp-block-paragraph\">O agente informou que a v\u00edtima havia sofrido um ferimento na regi\u00e3o cervical provocado por um objeto perfurocortante, apresentava intenso sangramento e que o agressor havia fugido do local.<\/p>\n\n\n\n<p class=\"wp-block-paragraph\">Os policiais seguiram imediatamente para o ponto onde a v\u00edtima estava e, devido \u00e0 gravidade aparente da les\u00e3o, solicitaram apoio do Corpo de Bombeiros Militar. Ap\u00f3s os primeiros atendimentos pr\u00e9-hospitalares, a v\u00edtima foi encaminhada ao Pronto-Socorro de Corumb\u00e1.<\/p>\n\n\n\n<p class=\"wp-block-paragraph\">Segundo o registro policial, a v\u00edtima permaneceu consciente, orientada e, aparentemente, sem risco iminente de morte durante o atendimento.<\/p>\n\n\n\n<p class=\"wp-block-paragraph\">Enquanto isso, a equipe policial realizou buscas nas imedia\u00e7\u00f5es com base nas caracter\u00edsticas repassadas por testemunhas e localizou o suspeito nas proximidades de uma ag\u00eancia banc\u00e1ria.<\/p>\n\n\n\n<p class=\"wp-block-paragraph\">Durante a abordagem, ele confessou a agress\u00e3o. Relatou que discutiu com a v\u00edtima, com quem j\u00e1 tinha desaven\u00e7as, e que, durante o desentendimento, quebrou uma garrafa de vidro e utilizou um dos fragmentos para atingir o homem.<\/p>\n\n\n\n<p class=\"wp-block-paragraph\">Ele recebeu voz de pris\u00e3o e foi encaminhado \u00e0 Delegacia de Pol\u00edcia Civil de Lad\u00e1rio.<\/p>\n\n\n\n<p class=\"wp-block-paragraph\">O BO ainda relata que a v\u00edtima permaneceu est\u00e1vel ap\u00f3s os primeiros socorros e precisou passar por procedimento m\u00e9dico especializado para sutura do ferimento.<\/p>\n\n\n\n<p class=\"wp-block-paragraph\">O caso foi registrado na Pol\u00edcia Civil como&nbsp;<em>les\u00e3o corporal de natureza grave, na hip\u00f3tese de resultar perigo de vida.<\/em><\/p>\n","protected":false},"excerpt":{"rendered":"<p>Leonardo Cabral\u00a0 Anderson Gallo\/Arquivo Di\u00e1rio Corumbaense Um homem de 42 anos foi levado \u00e0s pressas ao Pronto-Socorro Municipal depois de ser atingido por um golpe de garrafa de vidro quebrada na regi\u00e3o do pesco\u00e7o e da nuca, na tarde de sexta-feira (17), na avenida 14 de Mar\u00e7o, em Lad\u00e1rio. O autor da agress\u00e3o, de 60 [&hellip;]<\/p>\n","protected":false},"author":1,"featured_media":11756368,"comment_status":"closed","ping_status":"open","sticky":false,"template":"","format":"standard","meta":{"footnotes":""},"categories":[3,12],"tags":[],"class_list":["post-11756367","post","type-post","status-publish","format-standard","has-post-thumbnail","hentry","category-destaque","category-ladario"],"_links":{"self":[{"href":"https:\/\/bandfmcorumba.agoranoar.com.br\/index.php\/wp-json\/wp\/v2\/posts\/11756367","targetHints":{"allow":["GET"]}}],"collection":[{"href":"https:\/\/bandfmcorumba.agoranoar.com.br\/index.php\/wp-json\/wp\/v2\/posts"}],"about":[{"href":"https:\/\/bandfmcorumba.agoranoar.com.br\/index.php\/wp-json\/wp\/v2\/types\/post"}],"author":[{"embeddable":true,"href":"https:\/\/bandfmcorumba.agoranoar.com.br\/index.php\/wp-json\/wp\/v2\/users\/1"}],"replies":[{"embeddable":true,"href":"https:\/\/bandfmcorumba.agoranoar.com.br\/index.php\/wp-json\/wp\/v2\/comments?post=11756367"}],"version-history":[{"count":0,"href":"https:\/\/bandfmcorumba.agoranoar.com.br\/index.php\/wp-json\/wp\/v2\/posts\/11756367\/revisions"}],"wp:attachment":[{"href":"https:\/\/bandfmcorumba.agoranoar.com.br\/index.php\/wp-json\/wp\/v2\/media?parent=11756367"}],"wp:term":[{"taxonomy":"category","embeddable":true,"href":"https:\/\/bandfmcorumba.agoranoar.com.br\/index.php\/wp-json\/wp\/v2\/categories?post=11756367"},{"taxonomy":"post_tag","embeddable":true,"href":"https:\/\/bandfmcorumba.agoranoar.com.br\/index.php\/wp-json\/wp\/v2\/tags?post=11756367"}],"curies":[{"name":"wp","href":"https:\/\/api.w.org\/{rel}","templated":true}]}}