{"id":11756364,"date":"2026-07-20T08:11:31","date_gmt":"2026-07-20T12:11:31","guid":{"rendered":"https:\/\/grupopantanalms.com.br\/?p=11756364"},"modified":"2026-07-20T08:11:31","modified_gmt":"2026-07-20T12:11:31","slug":"ribeirinhos-do-taquari-recebem-atendimento-do-povo-das-aguas","status":"publish","type":"post","link":"https:\/\/bandfmcorumba.agoranoar.com.br\/index.php\/2026\/07\/20\/ribeirinhos-do-taquari-recebem-atendimento-do-povo-das-aguas\/","title":{"rendered":"Ribeirinhos do Taquari recebem atendimento do Povo das \u00c1guas"},"content":{"rendered":"\n<p class=\"wp-block-paragraph\">Fonte:\u00a0<strong>Assessoria de Comunica\u00e7\u00e3o da PMC<\/strong>\u00a0<\/p>\n\n\n\n<p class=\"wp-block-paragraph\">Ayrton Benites\/Arquivo PMC<\/p>\n\n\n\n\n\n<p class=\"wp-block-paragraph\">As equipes do programa social&nbsp;<em>Povo das \u00c1guas<\/em>&nbsp;iniciaram neste s\u00e1bado, 18 de julho, o atendimento \u00e0s fam\u00edlias que vivem na regi\u00e3o do Taquari, no M\u00e9dio Pantanal. A a\u00e7\u00e3o percorrer\u00e1 comunidades ribeirinhas at\u00e9 a quinta-feira, dia 23, levando servi\u00e7os p\u00fablicos \u00e0s popula\u00e7\u00f5es residentes em \u00e1reas de dif\u00edcil acesso.<\/p>\n\n\n\n<p class=\"wp-block-paragraph\">Os primeiros atendimentos hoje, v\u00e3o das 8h \u00e0s 12h, na Escola Nazar\u00e9, voltados aos moradores da Col\u00f4nia do Cedro. No domingo, 19 de julho, os servi\u00e7os ser\u00e3o prestados na resid\u00eancia do senhor Alexandre, conhecido como Pel\u00e9, atendendo as fam\u00edlias da Col\u00f4nia do Cedrinho e do Corix\u00e3o, tamb\u00e9m das 8h \u00e0s 12 horas.<\/p>\n\n\n\n<p class=\"wp-block-paragraph\">Na segunda-feira, 20, os moradores da Col\u00f4nia Rio Negro ser\u00e3o atendidos no Porto Paran\u00e1, das 8h \u00e0s 11h. J\u00e1 na ter\u00e7a-feira, 21, as fam\u00edlias da Col\u00f4nia S\u00e3o Domingos e da comunidade Porto Sagrado receber\u00e3o atendimento na Escola Santa Aur\u00e9lia, das 8h \u00e0s 12 horas.<\/p>\n\n\n\n<p class=\"wp-block-paragraph\">A programa\u00e7\u00e3o prossegue na quarta-feira, 22, tamb\u00e9m na Escola Santa Aur\u00e9lia, com atendimentos destinados aos moradores da Col\u00f4nia S\u00e3o Domingos e da comunidade Porto Figueira. O encerramento da a\u00e7\u00e3o ocorrer\u00e1 na quinta-feira, 23 de julho, na Escola Sebasti\u00e3o Rolon, na Col\u00f4nia do Bracinho, das 8h \u00e0s 12h.<\/p>\n\n\n\n<p class=\"wp-block-paragraph\"><strong>O programa<\/strong><\/p>\n\n\n\n<p class=\"wp-block-paragraph\">Criado em 2009, o Programa Social Povo das \u00c1guas \u00e9 realizado pela Prefeitura de Corumb\u00e1, por meio da Secretaria Municipal de Assist\u00eancia Social e Cidadania. Tem como objetivo garantir o acesso a servi\u00e7os p\u00fablicos essenciais \u00e0s popula\u00e7\u00f5es que vivem em regi\u00f5es de dif\u00edcil acesso do Pantanal. A iniciativa re\u00fane profissionais de diferentes \u00e1reas para oferecer atendimento integrado, promovendo inclus\u00e3o social, melhoria da qualidade de vida e fortalecimento dos v\u00ednculos comunit\u00e1rios.<\/p>\n\n\n\n<p class=\"wp-block-paragraph\">Institu\u00eddo pela Lei Municipal n\u00ba 2.263, de 24 de agosto de 2012, o programa \u00e9 desenvolvido em parceria com \u00f3rg\u00e3os p\u00fablicos, entidades da sociedade civil e colaboradores, assegurando atendimento digno e eficaz \u00e0s comunidades ribeirinhas e ampliando o acesso \u00e0s pol\u00edticas p\u00fablicas municipais.<\/p>\n","protected":false},"excerpt":{"rendered":"<p>Fonte:\u00a0Assessoria de Comunica\u00e7\u00e3o da PMC\u00a0 Ayrton Benites\/Arquivo PMC As equipes do programa social&nbsp;Povo das \u00c1guas&nbsp;iniciaram neste s\u00e1bado, 18 de julho, o atendimento \u00e0s fam\u00edlias que vivem na regi\u00e3o do Taquari, no M\u00e9dio Pantanal. A a\u00e7\u00e3o percorrer\u00e1 comunidades ribeirinhas at\u00e9 a quinta-feira, dia 23, levando servi\u00e7os p\u00fablicos \u00e0s popula\u00e7\u00f5es residentes em \u00e1reas de dif\u00edcil acesso. Os [&hellip;]<\/p>\n","protected":false},"author":1,"featured_media":11756365,"comment_status":"closed","ping_status":"open","sticky":false,"template":"","format":"standard","meta":{"footnotes":""},"categories":[2,3],"tags":[],"class_list":["post-11756364","post","type-post","status-publish","format-standard","has-post-thumbnail","hentry","category-corumba","category-destaque"],"_links":{"self":[{"href":"https:\/\/bandfmcorumba.agoranoar.com.br\/index.php\/wp-json\/wp\/v2\/posts\/11756364","targetHints":{"allow":["GET"]}}],"collection":[{"href":"https:\/\/bandfmcorumba.agoranoar.com.br\/index.php\/wp-json\/wp\/v2\/posts"}],"about":[{"href":"https:\/\/bandfmcorumba.agoranoar.com.br\/index.php\/wp-json\/wp\/v2\/types\/post"}],"author":[{"embeddable":true,"href":"https:\/\/bandfmcorumba.agoranoar.com.br\/index.php\/wp-json\/wp\/v2\/users\/1"}],"replies":[{"embeddable":true,"href":"https:\/\/bandfmcorumba.agoranoar.com.br\/index.php\/wp-json\/wp\/v2\/comments?post=11756364"}],"version-history":[{"count":0,"href":"https:\/\/bandfmcorumba.agoranoar.com.br\/index.php\/wp-json\/wp\/v2\/posts\/11756364\/revisions"}],"wp:attachment":[{"href":"https:\/\/bandfmcorumba.agoranoar.com.br\/index.php\/wp-json\/wp\/v2\/media?parent=11756364"}],"wp:term":[{"taxonomy":"category","embeddable":true,"href":"https:\/\/bandfmcorumba.agoranoar.com.br\/index.php\/wp-json\/wp\/v2\/categories?post=11756364"},{"taxonomy":"post_tag","embeddable":true,"href":"https:\/\/bandfmcorumba.agoranoar.com.br\/index.php\/wp-json\/wp\/v2\/tags?post=11756364"}],"curies":[{"name":"wp","href":"https:\/\/api.w.org\/{rel}","templated":true}]}}