{"id":11756351,"date":"2026-07-20T08:07:33","date_gmt":"2026-07-20T12:07:33","guid":{"rendered":"https:\/\/grupopantanalms.com.br\/?p=11756351"},"modified":"2026-07-20T08:07:33","modified_gmt":"2026-07-20T12:07:33","slug":"homem-com-mandado-de-prisao-e-flagrado-pela-pm-com-115-kg-de-droga","status":"publish","type":"post","link":"https:\/\/bandfmcorumba.agoranoar.com.br\/index.php\/2026\/07\/20\/homem-com-mandado-de-prisao-e-flagrado-pela-pm-com-115-kg-de-droga\/","title":{"rendered":"Homem com mandado de pris\u00e3o \u00e9 flagrado pela PM com 11,5 kg de droga"},"content":{"rendered":"\n<p class=\"wp-block-paragraph\"><strong>Rosana Nunes<\/strong>\u00a0<\/p>\n\n\n\n<p class=\"wp-block-paragraph\">Divulga\u00e7\u00e3o\/Pol\u00edcia Militar<\/p>\n\n\n\n\n\n<p class=\"wp-block-paragraph\">Na madrugada deste s\u00e1bado (18), um homem foi preso por tr\u00e1fico de drogas durante fiscaliza\u00e7\u00e3o da Pol\u00edcia Militar, na regi\u00e3o do portal de entrada de Corumb\u00e1. Contra ele tamb\u00e9m havia um mandado de pris\u00e3o em aberto.<\/p>\n\n\n\n<p class=\"wp-block-paragraph\">A a\u00e7\u00e3o foi realizada por policiais do 6\u00ba Batalh\u00e3o de Pol\u00edcia Militar, que abordaram um \u00f4nibus interestadual com destino a Campo Grande. Durante a fiscaliza\u00e7\u00e3o, um dos passageiros chamou a aten\u00e7\u00e3o da equipe por demonstrar nervosismo e apresentar informa\u00e7\u00f5es contradit\u00f3rias sobre a viagem.<\/p>\n\n\n\n<p class=\"wp-block-paragraph\">Diante da suspeita, os policiais revistaram duas mochilas pertencentes ao homem e encontraram 20 volumes de skunk (droga mais potente que a maconha), totalizando aproximadamente 11,5 quilos da droga.<\/p>\n\n\n\n<p class=\"wp-block-paragraph\">Segundo a Pol\u00edcia Militar, o passageiro confessou que recebeu o entorpecente de um homem desconhecido na regi\u00e3o de fronteira e que faria o transporte at\u00e9 Campo Grande, onde receberia pagamento pela entrega da droga.<\/p>\n\n\n\n<p class=\"wp-block-paragraph\">Durante consulta aos sistemas policiais, a equipe constatou que havia mandado de pris\u00e3o em aberto contra o homem.<\/p>\n\n\n\n<p class=\"wp-block-paragraph\">Ele e o entorpecente foram encaminhados \u00e0 Delegacia de Pol\u00edcia Civil para os procedimentos legais. De acordo com a PM, conforme tabela de valora\u00e7\u00e3o de entorpecentes do Departamento de Opera\u00e7\u00f5es de Fronteira (DOF), a apreens\u00e3o representa um preju\u00edzo aproximado de&nbsp;R$ 110 mil&nbsp;aos traficantes.<\/p>\n","protected":false},"excerpt":{"rendered":"<p>Rosana Nunes\u00a0 Divulga\u00e7\u00e3o\/Pol\u00edcia Militar Na madrugada deste s\u00e1bado (18), um homem foi preso por tr\u00e1fico de drogas durante fiscaliza\u00e7\u00e3o da Pol\u00edcia Militar, na regi\u00e3o do portal de entrada de Corumb\u00e1. Contra ele tamb\u00e9m havia um mandado de pris\u00e3o em aberto. A a\u00e7\u00e3o foi realizada por policiais do 6\u00ba Batalh\u00e3o de Pol\u00edcia Militar, que abordaram um [&hellip;]<\/p>\n","protected":false},"author":1,"featured_media":11756352,"comment_status":"closed","ping_status":"open","sticky":false,"template":"","format":"standard","meta":{"footnotes":""},"categories":[2],"tags":[],"class_list":["post-11756351","post","type-post","status-publish","format-standard","has-post-thumbnail","hentry","category-corumba"],"_links":{"self":[{"href":"https:\/\/bandfmcorumba.agoranoar.com.br\/index.php\/wp-json\/wp\/v2\/posts\/11756351","targetHints":{"allow":["GET"]}}],"collection":[{"href":"https:\/\/bandfmcorumba.agoranoar.com.br\/index.php\/wp-json\/wp\/v2\/posts"}],"about":[{"href":"https:\/\/bandfmcorumba.agoranoar.com.br\/index.php\/wp-json\/wp\/v2\/types\/post"}],"author":[{"embeddable":true,"href":"https:\/\/bandfmcorumba.agoranoar.com.br\/index.php\/wp-json\/wp\/v2\/users\/1"}],"replies":[{"embeddable":true,"href":"https:\/\/bandfmcorumba.agoranoar.com.br\/index.php\/wp-json\/wp\/v2\/comments?post=11756351"}],"version-history":[{"count":0,"href":"https:\/\/bandfmcorumba.agoranoar.com.br\/index.php\/wp-json\/wp\/v2\/posts\/11756351\/revisions"}],"wp:attachment":[{"href":"https:\/\/bandfmcorumba.agoranoar.com.br\/index.php\/wp-json\/wp\/v2\/media?parent=11756351"}],"wp:term":[{"taxonomy":"category","embeddable":true,"href":"https:\/\/bandfmcorumba.agoranoar.com.br\/index.php\/wp-json\/wp\/v2\/categories?post=11756351"},{"taxonomy":"post_tag","embeddable":true,"href":"https:\/\/bandfmcorumba.agoranoar.com.br\/index.php\/wp-json\/wp\/v2\/tags?post=11756351"}],"curies":[{"name":"wp","href":"https:\/\/api.w.org\/{rel}","templated":true}]}}