{"id":11756332,"date":"2026-07-16T10:53:43","date_gmt":"2026-07-16T14:53:43","guid":{"rendered":"https:\/\/grupopantanalms.com.br\/?p=11756332"},"modified":"2026-07-16T10:53:43","modified_gmt":"2026-07-16T14:53:43","slug":"forte-coimbra-celebra-dia-de-nossa-senhora-do-carmo-nesta-quinta-feira","status":"publish","type":"post","link":"https:\/\/bandfmcorumba.agoranoar.com.br\/index.php\/2026\/07\/16\/forte-coimbra-celebra-dia-de-nossa-senhora-do-carmo-nesta-quinta-feira\/","title":{"rendered":"Forte Coimbra celebra Dia de Nossa Senhora do Carmo nesta quinta-feira"},"content":{"rendered":"\n<p class=\"wp-block-paragraph\">Fonte:&nbsp;<strong>Assessoria de Comunica\u00e7\u00e3o da PMC<\/strong>&nbsp;em 16 de Julho de 2026<\/p>\n\n\n\n<p class=\"wp-block-paragraph\">Ayrton Benites\/Arquivo PMC<\/p>\n\n\n\n\n\n<p class=\"wp-block-paragraph\">A tradicional Festa de Nossa Senhora do Carmo \u00e9 realizada nesta quinta-feira, 16 de julho, na comunidade de Forte Coimbra, reunindo fi\u00e9is e visitantes em uma programa\u00e7\u00e3o marcada por celebra\u00e7\u00f5es religiosas, prociss\u00f5es e momentos de confraterniza\u00e7\u00e3o. As atividades tiveram in\u00edcio \u00e0s 6 horas da manh\u00e3 e se estender\u00e3o at\u00e9 o per\u00edodo da tarde. A programa\u00e7\u00e3o come\u00e7ou com a alvorada festiva, \u00e0s 6 horas. Entre 6h30 e 8 horas foi servido o caf\u00e9 da manh\u00e3, seguido da Santa Missa.<\/p>\n\n\n\n<p class=\"wp-block-paragraph\">Na sequ\u00eancia, a imagem de Nossa Senhora do Carmo percorreu as ruas hist\u00f3ricas do povoado, em prociss\u00e3o terrestre, das 9 \u00e0s 9h30. Depois, houve a tradicional cerim\u00f4nia de troca do manto da padroeira. A programa\u00e7\u00e3o prossegue com nova prociss\u00e3o terrestre, das 10 \u00e0s 11 horas, seguida da prociss\u00e3o fluvial, das 11 \u00e0s 11h45, um dos momentos mais emblem\u00e1ticos da celebra\u00e7\u00e3o.<\/p>\n\n\n\n<p class=\"wp-block-paragraph\">O cortejo retorna ao meio-dia, quando ser\u00e1 realizada a b\u00ean\u00e7\u00e3o final. Ap\u00f3s as celebra\u00e7\u00f5es religiosas, ser\u00e1 servido o almo\u00e7o de confraterniza\u00e7\u00e3o, das 12 \u00e0s 14 horas. O encerramento da programa\u00e7\u00e3o est\u00e1 previsto para as 14 horas, com a despedida das autoridades.<\/p>\n\n\n\n<p class=\"wp-block-paragraph\">A Festa de Nossa Senhora do Carmo integra o calend\u00e1rio de eventos religiosos e culturais de Corumb\u00e1, preservando uma tradi\u00e7\u00e3o centen\u00e1ria que re\u00fane f\u00e9, devo\u00e7\u00e3o e identidade cultural, fortalecendo o turismo religioso e valorizando o patrim\u00f4nio hist\u00f3rico do munic\u00edpio.O evento conta com apoio da Prefeitura, por meio da Funda\u00e7\u00e3o da Cultura.<\/p>\n\n\n\n<p class=\"wp-block-paragraph\"><strong>Hist\u00f3ria<\/strong><\/p>\n\n\n\n<p class=\"wp-block-paragraph\">As homenagens \u00e0 santa t\u00eam ra\u00edzes profundas na hist\u00f3ria do forte, erguido em 1775 e tombado pelo Iphan em 1975. Segundo relatos hist\u00f3ricos, Nossa Senhora do Carmo \u00e9 associada a dois epis\u00f3dios marcantes em que a guarni\u00e7\u00e3o militar foi poupada de derrotas maiores, durante confrontos com espanh\u00f3is e paraguaios, no s\u00e9culo XIX.<\/p>\n\n\n\n<p class=\"wp-block-paragraph\">Em 1801, diante do avan\u00e7o de um ex\u00e9rcito espanhol com 600 homens, embarca\u00e7\u00f5es e 30 canh\u00f5es, os defensores do forte \u2013 apenas 110 soldados, com cinco canoas e tr\u00eas pe\u00e7as de artilharia \u2013 resistiram por nove dias. A retirada das tropas inimigas teria ocorrido ap\u00f3s a apari\u00e7\u00e3o da imagem da santa na entrada da fortifica\u00e7\u00e3o, epis\u00f3dio que marcou o in\u00edcio da devo\u00e7\u00e3o local.<\/p>\n\n\n\n<p class=\"wp-block-paragraph\">Durante a Guerra do Paraguai, em 1864, a imagem voltou a ser reverenciada. Na ocasi\u00e3o, uma for\u00e7a de 3,2 mil soldados paraguaios cercou o forte, que era defendido por apenas 149 brasileiros. Ap\u00f3s dois dias de combate, a exibi\u00e7\u00e3o da imagem de Nossa Senhora do Carmo por um soldado teria levado os advers\u00e1rios a suspenderem o ataque, permitindo a fuga dos sobreviventes.<\/p>\n\n\n\n<p class=\"wp-block-paragraph\">A mesma imagem, trazida ao local por Ricardo Franco, fundador e primeiro comandante do forte, permanece na capela da Vila Civil, onde recebe honras militares. Joias, fotografias, c\u00e9dulas e condecora\u00e7\u00f5es depositadas aos p\u00e9s da santa simbolizam gra\u00e7as alcan\u00e7adas ao longo das d\u00e9cadas.<\/p>\n","protected":false},"excerpt":{"rendered":"<p>Fonte:&nbsp;Assessoria de Comunica\u00e7\u00e3o da PMC&nbsp;em 16 de Julho de 2026 Ayrton Benites\/Arquivo PMC A tradicional Festa de Nossa Senhora do Carmo \u00e9 realizada nesta quinta-feira, 16 de julho, na comunidade de Forte Coimbra, reunindo fi\u00e9is e visitantes em uma programa\u00e7\u00e3o marcada por celebra\u00e7\u00f5es religiosas, prociss\u00f5es e momentos de confraterniza\u00e7\u00e3o. As atividades tiveram in\u00edcio \u00e0s 6 [&hellip;]<\/p>\n","protected":false},"author":1,"featured_media":11756333,"comment_status":"closed","ping_status":"open","sticky":false,"template":"","format":"standard","meta":{"footnotes":""},"categories":[2,3],"tags":[],"class_list":["post-11756332","post","type-post","status-publish","format-standard","has-post-thumbnail","hentry","category-corumba","category-destaque"],"_links":{"self":[{"href":"https:\/\/bandfmcorumba.agoranoar.com.br\/index.php\/wp-json\/wp\/v2\/posts\/11756332","targetHints":{"allow":["GET"]}}],"collection":[{"href":"https:\/\/bandfmcorumba.agoranoar.com.br\/index.php\/wp-json\/wp\/v2\/posts"}],"about":[{"href":"https:\/\/bandfmcorumba.agoranoar.com.br\/index.php\/wp-json\/wp\/v2\/types\/post"}],"author":[{"embeddable":true,"href":"https:\/\/bandfmcorumba.agoranoar.com.br\/index.php\/wp-json\/wp\/v2\/users\/1"}],"replies":[{"embeddable":true,"href":"https:\/\/bandfmcorumba.agoranoar.com.br\/index.php\/wp-json\/wp\/v2\/comments?post=11756332"}],"version-history":[{"count":0,"href":"https:\/\/bandfmcorumba.agoranoar.com.br\/index.php\/wp-json\/wp\/v2\/posts\/11756332\/revisions"}],"wp:attachment":[{"href":"https:\/\/bandfmcorumba.agoranoar.com.br\/index.php\/wp-json\/wp\/v2\/media?parent=11756332"}],"wp:term":[{"taxonomy":"category","embeddable":true,"href":"https:\/\/bandfmcorumba.agoranoar.com.br\/index.php\/wp-json\/wp\/v2\/categories?post=11756332"},{"taxonomy":"post_tag","embeddable":true,"href":"https:\/\/bandfmcorumba.agoranoar.com.br\/index.php\/wp-json\/wp\/v2\/tags?post=11756332"}],"curies":[{"name":"wp","href":"https:\/\/api.w.org\/{rel}","templated":true}]}}