{"id":11756328,"date":"2026-07-16T10:13:37","date_gmt":"2026-07-16T14:13:37","guid":{"rendered":"https:\/\/grupopantanalms.com.br\/?p=11756328"},"modified":"2026-07-16T10:13:37","modified_gmt":"2026-07-16T14:13:37","slug":"bombeiros-resgatam-motorista-preso-as-ferragens-apos-colisao-frontal-na-regiao-de-maria-coelho","status":"publish","type":"post","link":"https:\/\/bandfmcorumba.agoranoar.com.br\/index.php\/2026\/07\/16\/bombeiros-resgatam-motorista-preso-as-ferragens-apos-colisao-frontal-na-regiao-de-maria-coelho\/","title":{"rendered":"Bombeiros resgatam motorista preso \u00e0s ferragens ap\u00f3s colis\u00e3o frontal na regi\u00e3o de Maria Coelho"},"content":{"rendered":"\n<p class=\"wp-block-paragraph\"><strong>Rosana Nunes<\/strong>&nbsp;em 16 de Julho de 2026<\/p>\n\n\n\n<p class=\"wp-block-paragraph\">Divulga\u00e7\u00e3o\/Corpo de Bombeiros Militar<\/p>\n\n\n\n\n\n<p class=\"wp-block-paragraph\">Dois motoristas ficaram feridos ap\u00f3s uma colis\u00e3o frontal entre caminh\u00f5es de transporte de min\u00e9rio nesta quinta-feira (16), na Estrada de Maria Coelho, nas proximidades da Mineradora LHG, a cerca de 35 quil\u00f4metros da \u00e1rea urbana de Corumb\u00e1.<\/p>\n\n\n\n<p class=\"wp-block-paragraph\">O acidente ocorreu por volta das 5h e mobilizou equipes do Corpo de Bombeiros Militar e do Servi\u00e7o de Atendimento M\u00f3vel de Urg\u00eancia (Samu). A informa\u00e7\u00e3o inicial era de que uma das v\u00edtimas estava presa \u00e0s ferragens, o que levou ao deslocamento de uma viatura de resgate, uma de salvamento e uma equipe m\u00e9dica.<\/p>\n\n\n\n<p class=\"wp-block-paragraph\">Ao chegarem ao local, os socorristas encontraram os dois caminh\u00f5es basculantes envolvidos em uma colis\u00e3o frontal na estrada de terra.&nbsp;<\/p>\n\n\n\n<p class=\"wp-block-paragraph\">De acordo com a Central de Opera\u00e7\u00f5es do 3\u00ba Grupamento de Bombeiros Militar, o motorista de um dos caminh\u00f5es, de 67 anos, conseguiu sair do ve\u00edculo. Ele estava consciente e orientado, apresentando cortes pelo corpo e fortes dores na regi\u00e3o das costelas, al\u00e9m de les\u00f5es no bra\u00e7o e na perna esquerdos.&nbsp;<\/p>\n\n\n\n<p class=\"wp-block-paragraph\">Divulga\u00e7\u00e3o\/Corpo de Bombeiros Militar<a href=\"https:\/\/diarionline.com.br\/i.php?i=static\/arquivo\/&amp;w=753\"><\/a>https:\/\/www.youtube.com\/embed\/wiUbJOu6nxo?si=B97dum7TDRzQ_dlZ<\/p>\n\n\n\n<p class=\"wp-block-paragraph\">Bombeiros durante desencarceramento de motorista de 31 anosJ\u00e1 o condutor do segundo caminh\u00e3o, de 31 anos, ficou preso parcialmente na cabine, com parte do corpo comprimida sob o painel. Apesar de estar consciente, ele apresentava um quadro considerado grave, com lacera\u00e7\u00e3o na coxa esquerda com hemorragia, sangramento na parte posterior da cabe\u00e7a e fratura exposta na panturrilha da perna direita.<\/p>\n\n\n\n<p class=\"wp-block-paragraph\">Para retirar a v\u00edtima, os bombeiros realizaram uma opera\u00e7\u00e3o de desencarceramento, utilizando uma cinta de catraca para aliviar a press\u00e3o do painel sobre o motorista e permitir sua retirada. Conforme informado pelos Bombeiros, antes da chegada das equipes, pessoas que estavam no local colocaram um torniquete na perna ferida da v\u00edtima, ajudando no controle da hemorragia.<\/p>\n\n\n\n<p class=\"wp-block-paragraph\">Ap\u00f3s ser resgatado, o motorista recebeu atendimento pr\u00e9-hospitalar e foi estabilizado pela equipe de emerg\u00eancia. Os dois condutores foram removidos para o Pronto-Socorro Municipal.&nbsp;<\/p>\n\n\n\n<p class=\"wp-block-paragraph\">As circunst\u00e2ncias do acidente devem ser apuradas.<\/p>\n","protected":false},"excerpt":{"rendered":"<p>Rosana Nunes&nbsp;em 16 de Julho de 2026 Divulga\u00e7\u00e3o\/Corpo de Bombeiros Militar Dois motoristas ficaram feridos ap\u00f3s uma colis\u00e3o frontal entre caminh\u00f5es de transporte de min\u00e9rio nesta quinta-feira (16), na Estrada de Maria Coelho, nas proximidades da Mineradora LHG, a cerca de 35 quil\u00f4metros da \u00e1rea urbana de Corumb\u00e1. O acidente ocorreu por volta das 5h [&hellip;]<\/p>\n","protected":false},"author":1,"featured_media":11756329,"comment_status":"closed","ping_status":"open","sticky":false,"template":"","format":"standard","meta":{"footnotes":""},"categories":[2,3],"tags":[],"class_list":["post-11756328","post","type-post","status-publish","format-standard","has-post-thumbnail","hentry","category-corumba","category-destaque"],"_links":{"self":[{"href":"https:\/\/bandfmcorumba.agoranoar.com.br\/index.php\/wp-json\/wp\/v2\/posts\/11756328","targetHints":{"allow":["GET"]}}],"collection":[{"href":"https:\/\/bandfmcorumba.agoranoar.com.br\/index.php\/wp-json\/wp\/v2\/posts"}],"about":[{"href":"https:\/\/bandfmcorumba.agoranoar.com.br\/index.php\/wp-json\/wp\/v2\/types\/post"}],"author":[{"embeddable":true,"href":"https:\/\/bandfmcorumba.agoranoar.com.br\/index.php\/wp-json\/wp\/v2\/users\/1"}],"replies":[{"embeddable":true,"href":"https:\/\/bandfmcorumba.agoranoar.com.br\/index.php\/wp-json\/wp\/v2\/comments?post=11756328"}],"version-history":[{"count":0,"href":"https:\/\/bandfmcorumba.agoranoar.com.br\/index.php\/wp-json\/wp\/v2\/posts\/11756328\/revisions"}],"wp:attachment":[{"href":"https:\/\/bandfmcorumba.agoranoar.com.br\/index.php\/wp-json\/wp\/v2\/media?parent=11756328"}],"wp:term":[{"taxonomy":"category","embeddable":true,"href":"https:\/\/bandfmcorumba.agoranoar.com.br\/index.php\/wp-json\/wp\/v2\/categories?post=11756328"},{"taxonomy":"post_tag","embeddable":true,"href":"https:\/\/bandfmcorumba.agoranoar.com.br\/index.php\/wp-json\/wp\/v2\/tags?post=11756328"}],"curies":[{"name":"wp","href":"https:\/\/api.w.org\/{rel}","templated":true}]}}