{"id":11756325,"date":"2026-07-16T10:11:34","date_gmt":"2026-07-16T14:11:34","guid":{"rendered":"https:\/\/grupopantanalms.com.br\/?p=11756325"},"modified":"2026-07-16T10:11:34","modified_gmt":"2026-07-16T14:11:34","slug":"luto-jornalista-renato-machado-morre-aos-83-anos-no-rio-de-janeiro","status":"publish","type":"post","link":"https:\/\/bandfmcorumba.agoranoar.com.br\/index.php\/2026\/07\/16\/luto-jornalista-renato-machado-morre-aos-83-anos-no-rio-de-janeiro\/","title":{"rendered":"LUTO: Jornalista Renato Machado morre aos 83 anos no Rio de Janeiro"},"content":{"rendered":"\n<p class=\"wp-block-paragraph\">Jo\u00e3o Ramos-16\/07\/2026<\/p>\n\n\n\n\n\n<p class=\"wp-block-paragraph\">Eternamente lembrado por ter apresentado o jornal \u201cBom Dia Brasil\u201d, da TV Globo, o jornalista Renato Machado morreu na manh\u00e3 desta quinta-feira (16), aos 83 anos, no&nbsp;<a href=\"https:\/\/midiamax.com.br\/municipios\/rio-de-janeiro\/\">Rio de Janeiro<\/a>.<\/p>\n\n\n\n<p class=\"wp-block-paragraph\">Ele estava internado na Cl\u00ednica S\u00e3o Vicente por motivos n\u00e3o revelados. A causa da morte tamb\u00e9m n\u00e3o foi divulgada.<\/p>\n\n\n\n<p class=\"wp-block-paragraph\">Renato era um dos principais nomes do telejornalismo brasileiro e ficou nacionalmente conhecido por ter constru\u00eddo uma carreira de mais de 40 anos na Globo.<\/p>\n\n\n\n<p class=\"wp-block-paragraph\">Na emissora, apresentou o \u201cBom dia Brasil\u201d por quase duas d\u00e9cadas, mas tamb\u00e9m esteve a frente do Jornal da Globo, do Jornal Nacional e do RJTV.<\/p>\n\n\n\n<p class=\"wp-block-paragraph\">Nos \u00faltimos anos, produzia conte\u00fado para as redes sociais e chegou a ser homenageado no \u201cBom dia Brasil\u201d em maio. Relembre:<\/p>\n\n\n\n<p class=\"wp-block-paragraph\">Seu \u00faltimo post no Instagram foi h\u00e1 uma semana, no dia 11 de julho, quando rememorou um epis\u00f3dio da cobertura da Copa do Mundo de 2002.<\/p>\n\n\n\n<p class=\"wp-block-paragraph\"><em>\u201cCopa da Coreia do Sul. A final foi Brasil 2 x Alemanha 0. Ronaldo Fen\u00f4meno fez os dois gols. Brasil se tornou pentacampe\u00e3o, estampando no escudo do uniforme as cinco estrelas. Teve p\u00e9-quente anunciando a abertura da Copa. Rumo ao Hexa!!\u201d<\/em>, escreveu o jornalista, saudoso, falando de si mesmo e destacando seu trabalho.<\/p>\n\n\n\n<p class=\"wp-block-paragraph\">Renato deixa uma filha, a atriz Maria Eduarda Machado, conhecida por seu papel de protagonista na temporada de 2007 de \u201cMalha\u00e7\u00e3o\u201d. Desde setembro de 2011, ele era casado com a tamb\u00e9m jornalista M\u00f4nica Morel, relacionamento que se manteve at\u00e9 seu falecimento.<\/p>\n","protected":false},"excerpt":{"rendered":"<p>Jo\u00e3o Ramos-16\/07\/2026 Eternamente lembrado por ter apresentado o jornal \u201cBom Dia Brasil\u201d, da TV Globo, o jornalista Renato Machado morreu na manh\u00e3 desta quinta-feira (16), aos 83 anos, no&nbsp;Rio de Janeiro. Ele estava internado na Cl\u00ednica S\u00e3o Vicente por motivos n\u00e3o revelados. A causa da morte tamb\u00e9m n\u00e3o foi divulgada. Renato era um dos principais [&hellip;]<\/p>\n","protected":false},"author":1,"featured_media":11756326,"comment_status":"closed","ping_status":"open","sticky":false,"template":"","format":"standard","meta":{"footnotes":""},"categories":[2,3],"tags":[],"class_list":["post-11756325","post","type-post","status-publish","format-standard","has-post-thumbnail","hentry","category-corumba","category-destaque"],"_links":{"self":[{"href":"https:\/\/bandfmcorumba.agoranoar.com.br\/index.php\/wp-json\/wp\/v2\/posts\/11756325","targetHints":{"allow":["GET"]}}],"collection":[{"href":"https:\/\/bandfmcorumba.agoranoar.com.br\/index.php\/wp-json\/wp\/v2\/posts"}],"about":[{"href":"https:\/\/bandfmcorumba.agoranoar.com.br\/index.php\/wp-json\/wp\/v2\/types\/post"}],"author":[{"embeddable":true,"href":"https:\/\/bandfmcorumba.agoranoar.com.br\/index.php\/wp-json\/wp\/v2\/users\/1"}],"replies":[{"embeddable":true,"href":"https:\/\/bandfmcorumba.agoranoar.com.br\/index.php\/wp-json\/wp\/v2\/comments?post=11756325"}],"version-history":[{"count":0,"href":"https:\/\/bandfmcorumba.agoranoar.com.br\/index.php\/wp-json\/wp\/v2\/posts\/11756325\/revisions"}],"wp:attachment":[{"href":"https:\/\/bandfmcorumba.agoranoar.com.br\/index.php\/wp-json\/wp\/v2\/media?parent=11756325"}],"wp:term":[{"taxonomy":"category","embeddable":true,"href":"https:\/\/bandfmcorumba.agoranoar.com.br\/index.php\/wp-json\/wp\/v2\/categories?post=11756325"},{"taxonomy":"post_tag","embeddable":true,"href":"https:\/\/bandfmcorumba.agoranoar.com.br\/index.php\/wp-json\/wp\/v2\/tags?post=11756325"}],"curies":[{"name":"wp","href":"https:\/\/api.w.org\/{rel}","templated":true}]}}