{"id":11756322,"date":"2026-07-16T07:59:25","date_gmt":"2026-07-16T11:59:25","guid":{"rendered":"https:\/\/grupopantanalms.com.br\/?p=11756322"},"modified":"2026-07-16T07:59:25","modified_gmt":"2026-07-16T11:59:25","slug":"musica-danca-e-comidas-tipicas-marcarao-festa-julina-do-nho-moinho","status":"publish","type":"post","link":"https:\/\/bandfmcorumba.agoranoar.com.br\/index.php\/2026\/07\/16\/musica-danca-e-comidas-tipicas-marcarao-festa-julina-do-nho-moinho\/","title":{"rendered":"M\u00fasica, dan\u00e7a e comidas t\u00edpicas marcar\u00e3o festa julina do Nh\u00f4 Moinho"},"content":{"rendered":"\n<p class=\"wp-block-paragraph\"><strong>Da Reda\u00e7\u00e3o com assessoria de imprensa<\/strong>&nbsp;em 15 de Julho de 2026<\/p>\n\n\n\n<p class=\"wp-block-paragraph\">Divulga\u00e7\u00e3o\/Moinho Cultural<\/p>\n\n\n\n\n\n<p class=\"wp-block-paragraph\">O Instituto Moinho Cultural Sul-Americano promove, no dia 17 de julho, a partir das 18h, o&nbsp;<em>Nh\u00f4 Moinho<\/em>, uma noite de festa junina com m\u00fasica, dan\u00e7a, comidas t\u00edpicas e apresenta\u00e7\u00f5es das turmas de participantes da institui\u00e7\u00e3o. O evento acontece na sede do Moinho Cultural, em Corumb\u00e1, com entrada por doa\u00e7\u00e3o de R$ 10.<\/p>\n\n\n\n<p class=\"wp-block-paragraph\">A programa\u00e7\u00e3o re\u00fane participantes de diferentes turmas de m\u00fasica e dan\u00e7a da institui\u00e7\u00e3o, incluindo apresenta\u00e7\u00f5es da Orquestra Infantil e do Coral, um bloco dedicado aos instrumentos de sopro e a participa\u00e7\u00e3o da Orquestra de C\u00e2mara do Pantanal (OCAMP).&nbsp;<\/p>\n\n\n\n<p class=\"wp-block-paragraph\">A noite tamb\u00e9m recebe uma atra\u00e7\u00e3o internacional: o Ballet Municipal de Puerto Su\u00e1rez, da Bol\u00edvia, se apresenta com a dan\u00e7a &#8220;Polka Mi Puerto Su\u00e1rez&#8221;, refor\u00e7ando o interc\u00e2mbio cultural que marca a atua\u00e7\u00e3o do Moinho na fronteira. A dupla sertaneja Julia e Renato se apresenta duas vezes ao longo da noite, ao lado das barraquinhas com comidas t\u00edpicas.<\/p>\n\n\n\n<p class=\"wp-block-paragraph\">Al\u00e9m de celebrar a cultura junina com a comunidade, o Nh\u00f4 Moinho tamb\u00e9m \u00e9 uma a\u00e7\u00e3o de arrecada\u00e7\u00e3o de recursos: todo o valor obtido com a entrada e as barraquinhas \u00e9 revertido para as atividades pedag\u00f3gicas e art\u00edsticas do Instituto, que atende gratuitamente crian\u00e7as e adolescentes da fronteira entre Brasil e Bol\u00edvia.<\/p>\n\n\n\n<p class=\"wp-block-paragraph\">Para M\u00f4nica Macedo, diretora executiva do Instituto Moinho Cultural Sul-Americano, o evento representa tamb\u00e9m um convite direto \u00e0 comunidade para participar da rotina da institui\u00e7\u00e3o.&nbsp;<\/p>\n\n\n\n<p class=\"wp-block-paragraph\">\u201cO Nh\u00f4 Moinho \u00e9 um momento de celebrar com a comunidade tudo o que constru\u00edmos ao longo do ano, ao mesmo tempo em que fortalecemos nossa capacidade de continuar oferecendo arte e educa\u00e7\u00e3o gratuitas para as crian\u00e7as e adolescentes da fronteira\u201d, destaca M\u00f4nica Macedo, diretora executiva do Instituto Moinho Cultural Sul-Americano.&nbsp;<\/p>\n\n\n\n<p class=\"wp-block-paragraph\">Jos\u00e9 Roberto dos Santos Junior, secret\u00e1rio executivo do Instituto Moinho Cultural Sul-Americano, tamb\u00e9m ressaltou que o Nh\u00f4 Moinho \u00e9 uma oportunidade de olhar para tudo o que foi constru\u00eddo nos \u00faltimos meses.&nbsp;<\/p>\n\n\n\n<p class=\"wp-block-paragraph\">\u201cO Nh\u00f4 Moinho chega num momento especial, coroando um primeiro semestre de muito trabalho e de proximidade com a comunidade. Foram meses de intensa produ\u00e7\u00e3o art\u00edstica e social, com marcos importantes como o Roda Moinho levando nossas atividades a diferentes regi\u00f5es e a nossa noite de gala, que j\u00e1 reuniu a fam\u00edlia Moinho Cultural para celebrar o que constru\u00edmos juntos. Agora \u00e9 hora de trazer essa energia toda para uma noite de festa acolhedora com a comunidade\u201d, afirmou Jos\u00e9 Roberto.&nbsp;<\/p>\n\n\n\n<p class=\"wp-block-paragraph\"><strong>Programa\u00e7\u00e3o completa<\/strong><\/p>\n\n\n\n<p class=\"wp-block-paragraph\"><em>19h: Orquestra Infantil e Coral, com o Coral B\u00e1sico IC, ID e IIA (matutino e vespertino) e a Orquestra B\u00e1sico IIB e III (matutino e vespertino)<\/em><\/p>\n\n\n\n<p class=\"wp-block-paragraph\"><em>19h55: Apresenta\u00e7\u00e3o de sopro, com o Intermedi\u00e1rio M\u00fasica vespertino e a OCAMP<\/em><\/p>\n\n\n\n<p class=\"wp-block-paragraph\"><em>20h20: Turma Companhia Infanto de Dan\u00e7a<\/em><\/p>\n\n\n\n<p class=\"wp-block-paragraph\"><em>20h25: Apresenta\u00e7\u00e3o do Ballet Municipal de Puerto Su\u00e1rez, com a dan\u00e7a &#8220;Polka Mi Puerto Su\u00e1rez&#8221;<\/em><\/p>\n\n\n\n<p class=\"wp-block-paragraph\"><em>20h40: Dupla sertaneja Julia e Renato<\/em><\/p>\n\n\n\n<p class=\"wp-block-paragraph\"><em>21h25: Orquestra de C\u00e2mara do Pantanal (OCAMP)<\/em><\/p>\n\n\n\n<p class=\"wp-block-paragraph\"><em>22h: Dupla sertaneja Julia e Renato<\/em><\/p>\n\n\n\n<p class=\"wp-block-paragraph\"><strong><em>Ingressos:<\/em><\/strong>&nbsp;na Secretaria do Instituto Moinho Cultural, das 8h \u00e0s 11h e das 14h \u00e0s 17h20.<\/p>\n","protected":false},"excerpt":{"rendered":"<p>Da Reda\u00e7\u00e3o com assessoria de imprensa&nbsp;em 15 de Julho de 2026 Divulga\u00e7\u00e3o\/Moinho Cultural O Instituto Moinho Cultural Sul-Americano promove, no dia 17 de julho, a partir das 18h, o&nbsp;Nh\u00f4 Moinho, uma noite de festa junina com m\u00fasica, dan\u00e7a, comidas t\u00edpicas e apresenta\u00e7\u00f5es das turmas de participantes da institui\u00e7\u00e3o. O evento acontece na sede do Moinho [&hellip;]<\/p>\n","protected":false},"author":1,"featured_media":11756323,"comment_status":"closed","ping_status":"open","sticky":false,"template":"","format":"standard","meta":{"footnotes":""},"categories":[2,3],"tags":[],"class_list":["post-11756322","post","type-post","status-publish","format-standard","has-post-thumbnail","hentry","category-corumba","category-destaque"],"_links":{"self":[{"href":"https:\/\/bandfmcorumba.agoranoar.com.br\/index.php\/wp-json\/wp\/v2\/posts\/11756322","targetHints":{"allow":["GET"]}}],"collection":[{"href":"https:\/\/bandfmcorumba.agoranoar.com.br\/index.php\/wp-json\/wp\/v2\/posts"}],"about":[{"href":"https:\/\/bandfmcorumba.agoranoar.com.br\/index.php\/wp-json\/wp\/v2\/types\/post"}],"author":[{"embeddable":true,"href":"https:\/\/bandfmcorumba.agoranoar.com.br\/index.php\/wp-json\/wp\/v2\/users\/1"}],"replies":[{"embeddable":true,"href":"https:\/\/bandfmcorumba.agoranoar.com.br\/index.php\/wp-json\/wp\/v2\/comments?post=11756322"}],"version-history":[{"count":0,"href":"https:\/\/bandfmcorumba.agoranoar.com.br\/index.php\/wp-json\/wp\/v2\/posts\/11756322\/revisions"}],"wp:attachment":[{"href":"https:\/\/bandfmcorumba.agoranoar.com.br\/index.php\/wp-json\/wp\/v2\/media?parent=11756322"}],"wp:term":[{"taxonomy":"category","embeddable":true,"href":"https:\/\/bandfmcorumba.agoranoar.com.br\/index.php\/wp-json\/wp\/v2\/categories?post=11756322"},{"taxonomy":"post_tag","embeddable":true,"href":"https:\/\/bandfmcorumba.agoranoar.com.br\/index.php\/wp-json\/wp\/v2\/tags?post=11756322"}],"curies":[{"name":"wp","href":"https:\/\/api.w.org\/{rel}","templated":true}]}}