{"id":11756316,"date":"2026-07-15T16:39:14","date_gmt":"2026-07-15T20:39:14","guid":{"rendered":"https:\/\/grupopantanalms.com.br\/?p=11756316"},"modified":"2026-07-15T16:39:14","modified_gmt":"2026-07-15T20:39:14","slug":"justica-determina-medidas-contra-abandono-embarcacoes-no-porto-geral-de-corumba","status":"publish","type":"post","link":"https:\/\/bandfmcorumba.agoranoar.com.br\/index.php\/2026\/07\/15\/justica-determina-medidas-contra-abandono-embarcacoes-no-porto-geral-de-corumba\/","title":{"rendered":"Justi\u00e7a determina medidas contra abandono embarca\u00e7\u00f5es no Porto Geral de Corumb\u00e1"},"content":{"rendered":"\n<p class=\"wp-block-paragraph\"><img loading=\"lazy\" decoding=\"async\" width=\"26\" height=\"26\" alt=\"\" src=\"https:\/\/folhams.com.br\/wp-content\/uploads\/2026\/02\/avatar-150x150.jpg\">Por<a href=\"https:\/\/folhams.com.br\/author\/erik-silva\/\">Erik Silva<\/a>15 de julho de 2026<\/p>\n\n\n\n\n\n<p class=\"wp-block-paragraph\">A Justi\u00e7a Federal determinou medidas sanit\u00e1rias e ambientais para enfrentar a degrada\u00e7\u00e3o causada por quatro embarca\u00e7\u00f5es abandonadas no&nbsp;<a href=\"https:\/\/folhams.com.br\/2026\/06\/25\/corumba-registra-76-mil-participantes-no-banho-de-sao-joao-2026\/\" target=\"_blank\" rel=\"noreferrer noopener\">Porto Geral<\/a>&nbsp;de Corumb\u00e1. A decis\u00e3o atende a uma a\u00e7\u00e3o civil p\u00fablica do Minist\u00e9rio P\u00fablico Federal e estabelece prazos para conter riscos \u00e0 sa\u00fade e remover os barcos.<\/p>\n\n\n\n<p class=\"wp-block-paragraph\">A Uni\u00e3o ter\u00e1 48 horas para aplicar larvicidas, fechar aberturas acess\u00edveis e cobrir locais que acumulam \u00e1gua nas embarca\u00e7\u00f5es La Barca Pantaneira, La Barca, Corumbi News e Riomar. Em cinco dias \u00fateis, dever\u00e1 drenar os por\u00f5es e eliminar focos de vetores, seguindo as orienta\u00e7\u00f5es t\u00e9cnicas da Autoridade Mar\u00edtima.<\/p>\n\n\n\n<h3 class=\"wp-block-heading\">Plano deve definir retirada segura<\/h3>\n\n\n\n<p class=\"wp-block-paragraph\">Tamb\u00e9m caber\u00e1 \u00e0 Uni\u00e3o apresentar, em 30 dias, um plano t\u00e9cnico com m\u00e9todo, cronograma e medidas de prote\u00e7\u00e3o ambiental para a remo\u00e7\u00e3o dos barcos, al\u00e9m de informar o andamento do processo administrativo de perdimento. Ap\u00f3s a aprova\u00e7\u00e3o judicial, o trabalho dever\u00e1 come\u00e7ar em at\u00e9 90 dias e ter\u00e1 relat\u00f3rios mensais de acompanhamento.<\/p>\n\n\n\n<figure class=\"wp-block-image\"><img decoding=\"async\" src=\"https:\/\/www.mpf.mp.br\/o-mpf\/unidades\/pr-ms\/noticias\/corumba2.png\/@@images\/4809bdb2-0d3d-4e4a-a86b-b7a749008c3b.png\" alt=\"4809bdb2 0d3d 4e4a a86b b7a749008c3b\" title=\"Justi\u00e7a determina medidas contra abandono embarca\u00e7\u00f5es no Porto Geral de Corumb\u00e1 2\" \/><\/figure>\n\n\n\n<p class=\"wp-block-paragraph\">As investiga\u00e7\u00f5es come\u00e7aram em maio de 2022, depois que a Funda\u00e7\u00e3o do Meio Ambiente do Pantanal alertou sobre o risco de contamina\u00e7\u00e3o da \u00e1gua provocado pelo abandono das embarca\u00e7\u00f5es. A a\u00e7\u00e3o foi apresentada em abril deste ano pelo procurador da Rep\u00fablica Marco Antonio Delfino de Almeida.<\/p>\n\n\n\n<p class=\"wp-block-paragraph\">Vistorias identificaram corros\u00e3o intensa e res\u00edduos de \u00f3leo, conforme registros da Marinha do Brasil, enquanto a Pol\u00edcia Militar Ambiental encontrou por\u00f5es alagados e at\u00e9 uma piscina exposta. A \u00e1gua parada formou criadouros ativos do Aedes aegypti, mosquito transmissor da&nbsp;<a href=\"https:\/\/folhams.com.br\/2026\/05\/25\/corumba-registra-recuo-nas-notificacoes-de-dengue-e-chikungunya-neste-ano\/\" target=\"_blank\" rel=\"noreferrer noopener\">dengue e da chikungunya<\/a>.<\/p>\n\n\n\n<figure class=\"wp-block-image\"><img decoding=\"async\" src=\"https:\/\/www.mpf.mp.br\/o-mpf\/unidades\/pr-ms\/noticias\/corumba3.png\/@@images\/17234fb8-0a66-4ede-bab0-b0aeec839197.png\" alt=\"17234fb8 0a66 4ede bab0 b0aeec839197\" title=\"Justi\u00e7a determina medidas contra abandono embarca\u00e7\u00f5es no Porto Geral de Corumb\u00e1 3\" \/><\/figure>\n\n\n\n<p class=\"wp-block-paragraph\">A Justi\u00e7a classificou o quadro como grave risco \u00e0 sa\u00fade p\u00fablica diante dos dados de Mato Grosso do Sul, que registrou 17 mortes por chikungunya em 2025. Corumb\u00e1 foi apontada como o principal foco de incid\u00eancia da doen\u00e7a no estado.<\/p>\n\n\n\n<p class=\"wp-block-paragraph\">O Ibama ter\u00e1 30 dias para informar a etapa de elabora\u00e7\u00e3o do Plano de \u00c1rea de Corumb\u00e1 e Lad\u00e1rio e 15 dias para comunicar o Imasul e a Semadesc sobre as provid\u00eancias previstas. No julgamento definitivo, o MPF pede a manuten\u00e7\u00e3o das medidas, a elabora\u00e7\u00e3o e execu\u00e7\u00e3o do plano para o Porto Geral e a condena\u00e7\u00e3o da Uni\u00e3o ao pagamento de R$ 100 mil por dano moral coletivo, valor que, se concedido, ser\u00e1 destinado ao Fundo de Defesa dos Direitos Difusos.<\/p>\n","protected":false},"excerpt":{"rendered":"<p>PorErik Silva15 de julho de 2026 A Justi\u00e7a Federal determinou medidas sanit\u00e1rias e ambientais para enfrentar a degrada\u00e7\u00e3o causada por quatro embarca\u00e7\u00f5es abandonadas no&nbsp;Porto Geral&nbsp;de Corumb\u00e1. A decis\u00e3o atende a uma a\u00e7\u00e3o civil p\u00fablica do Minist\u00e9rio P\u00fablico Federal e estabelece prazos para conter riscos \u00e0 sa\u00fade e remover os barcos. A Uni\u00e3o ter\u00e1 48 horas [&hellip;]<\/p>\n","protected":false},"author":1,"featured_media":11756317,"comment_status":"closed","ping_status":"open","sticky":false,"template":"","format":"standard","meta":{"footnotes":""},"categories":[2],"tags":[],"class_list":["post-11756316","post","type-post","status-publish","format-standard","has-post-thumbnail","hentry","category-corumba"],"_links":{"self":[{"href":"https:\/\/bandfmcorumba.agoranoar.com.br\/index.php\/wp-json\/wp\/v2\/posts\/11756316","targetHints":{"allow":["GET"]}}],"collection":[{"href":"https:\/\/bandfmcorumba.agoranoar.com.br\/index.php\/wp-json\/wp\/v2\/posts"}],"about":[{"href":"https:\/\/bandfmcorumba.agoranoar.com.br\/index.php\/wp-json\/wp\/v2\/types\/post"}],"author":[{"embeddable":true,"href":"https:\/\/bandfmcorumba.agoranoar.com.br\/index.php\/wp-json\/wp\/v2\/users\/1"}],"replies":[{"embeddable":true,"href":"https:\/\/bandfmcorumba.agoranoar.com.br\/index.php\/wp-json\/wp\/v2\/comments?post=11756316"}],"version-history":[{"count":0,"href":"https:\/\/bandfmcorumba.agoranoar.com.br\/index.php\/wp-json\/wp\/v2\/posts\/11756316\/revisions"}],"wp:attachment":[{"href":"https:\/\/bandfmcorumba.agoranoar.com.br\/index.php\/wp-json\/wp\/v2\/media?parent=11756316"}],"wp:term":[{"taxonomy":"category","embeddable":true,"href":"https:\/\/bandfmcorumba.agoranoar.com.br\/index.php\/wp-json\/wp\/v2\/categories?post=11756316"},{"taxonomy":"post_tag","embeddable":true,"href":"https:\/\/bandfmcorumba.agoranoar.com.br\/index.php\/wp-json\/wp\/v2\/tags?post=11756316"}],"curies":[{"name":"wp","href":"https:\/\/api.w.org\/{rel}","templated":true}]}}