{"id":11756313,"date":"2026-07-15T16:37:13","date_gmt":"2026-07-15T20:37:13","guid":{"rendered":"https:\/\/grupopantanalms.com.br\/?p=11756313"},"modified":"2026-07-15T16:37:13","modified_gmt":"2026-07-15T20:37:13","slug":"formacao-profissional-capacita-40-internos-do-presidio-masculino-de-corumba-em-cursos-do-senai","status":"publish","type":"post","link":"https:\/\/bandfmcorumba.agoranoar.com.br\/index.php\/2026\/07\/15\/formacao-profissional-capacita-40-internos-do-presidio-masculino-de-corumba-em-cursos-do-senai\/","title":{"rendered":"Forma\u00e7\u00e3o profissional capacita 40 internos do pres\u00eddio masculino de Corumb\u00e1 em cursos do Senai"},"content":{"rendered":"\n<p class=\"wp-block-paragraph\"><img loading=\"lazy\" decoding=\"async\" width=\"26\" height=\"26\" alt=\"folha ms\" src=\"https:\/\/folhams.com.br\/wp-content\/uploads\/2023\/11\/folhams-96x96.jpg\">Por<a href=\"https:\/\/folhams.com.br\/author\/redacao\/\">Reda\u00e7\u00e3o<\/a>15 de julho de 2026<\/p>\n\n\n\n\n\n<p class=\"wp-block-paragraph\">Quarenta internos do Estabelecimento Penal Masculino de Corumb\u00e1 conclu\u00edram, nesta semana, cursos de qualifica\u00e7\u00e3o profissional promovidos pelo Servi\u00e7o Nacional de Aprendizagem Industrial (Senai). A certifica\u00e7\u00e3o reuniu representantes da institui\u00e7\u00e3o de ensino, diretores de unidades penais e familiares dos formandos, encerrando um ciclo de capacita\u00e7\u00e3o iniciado em fevereiro.<\/p>\n\n\n\n<p class=\"wp-block-paragraph\">Os participantes receberam certificados dos cursos de Eletricista Instalador Residencial, com carga hor\u00e1ria de 180 horas, e de Refrigera\u00e7\u00e3o e Climatiza\u00e7\u00e3o Residencial, com 160 horas de forma\u00e7\u00e3o. As atividades foram desenvolvidas ao longo de aproximadamente cinco meses dentro da unidade prisional.<\/p>\n\n\n\n<p class=\"wp-block-paragraph\">A iniciativa integra as a\u00e7\u00f5es voltadas \u00e0 qualifica\u00e7\u00e3o profissional de pessoas privadas de liberdade, com foco na amplia\u00e7\u00e3o das oportunidades de inser\u00e7\u00e3o no mercado de trabalho ap\u00f3s o cumprimento da pena. Segundo a dire\u00e7\u00e3o da unidade, a procura pelas vagas foi significativa desde o in\u00edcio das inscri\u00e7\u00f5es, refletindo o interesse dos internos em adquirir uma profiss\u00e3o.<\/p>\n\n\n\n<figure class=\"wp-block-image\"><img decoding=\"async\" src=\"https:\/\/folhams.com.br\/wp-content\/uploads\/2026\/07\/curso-presidio-2-1-1024x604.jpg\" alt=\"curso presidio 2 1\" class=\"wp-image-191413\" title=\"Forma\u00e7\u00e3o profissional capacita 40 internos do pres\u00eddio masculino de Corumb\u00e1 em cursos do Senai 2\" \/><figcaption class=\"wp-element-caption\">40 internos foram capacitados em dois cursos \u2013 fotos divulga\u00e7\u00e3o<\/figcaption><\/figure>\n\n\n\n<h3 class=\"wp-block-heading\">Qualifica\u00e7\u00e3o para o retorno \u00e0 sociedade<\/h3>\n\n\n\n<p class=\"wp-block-paragraph\">O diretor do Estabelecimento Penal Masculino de Corumb\u00e1, Ricardo Solis Baracat, destacou que a parceria entre a Ag\u00eancia Estadual de Administra\u00e7\u00e3o do Sistema Penitenci\u00e1rio (Agepen) e o Senai representa uma oportunidade concreta de transforma\u00e7\u00e3o.<\/p>\n\n\n\n<blockquote class=\"wp-block-quote is-layout-flow wp-block-quote-is-layout-flow\">\n<p class=\"wp-block-paragraph\">\u201c<em>Para a Dire\u00e7\u00e3o do Estabelecimento Penal Masculino de Corumb\u00e1, este \u00e9 um momento profundamente especial. A parceria consolidada entre a Agepen e o Senai reflete o compromisso m\u00fatuo em oferecer uma real oportunidade de transforma\u00e7\u00e3o e recome\u00e7o \u00e0queles que cumprem suas reprimendas.<\/em><\/p>\n\n\n\n<p class=\"wp-block-paragraph\"><em>A expressiva procura e o engajamento dos internos pelos cursos de el\u00e9trica e climatiza\u00e7\u00e3o demonstram o desejo latente de mudan\u00e7a. Como resultado, o mercado de trabalho de Corumb\u00e1 passa a contar com novos profissionais, rigorosamente capacitados e prontos para atuar com excel\u00eancia t\u00e9cnica.<\/em><\/p>\n\n\n\n<p class=\"wp-block-paragraph\"><em>Esta conquista n\u00e3o \u00e9 isolada; ela pertence a todos. \u00c9 uma vit\u00f3ria da sociedade, das fam\u00edlias e, fundamentalmente, de cada interno que se dedicou ao aprendizado. Ao retornarem \u00e0 liberdade, estes cidad\u00e3os estar\u00e3o munidos de uma profiss\u00e3o qualificada, permitindo-lhes garantir o pr\u00f3prio sustento por meio do trabalho honesto e digno.<\/em><\/p>\n\n\n\n<p class=\"wp-block-paragraph\"><em>Por fim, expressamos nossos sinceros agradecimentos \u00e0 Ju\u00edza da Execu\u00e7\u00e3o Penal e ao Conselho da Comunidade. A confian\u00e7a depositada e o apoio incondicional aos projetos do pres\u00eddio masculino foram pilares indispens\u00e1veis para o sucesso desta transi\u00e7\u00e3o e para a constru\u00e7\u00e3o de um futuro mais seguro e justo para todos<\/em>.\u201d<\/p>\n<\/blockquote>\n\n\n\n<p class=\"wp-block-paragraph\">Al\u00e9m da equipe do Senai, participaram da cerim\u00f4nia de certifica\u00e7\u00e3o diretores de unidades penais da regi\u00e3o e familiares dos internos, que acompanharam a entrega dos certificados e o encerramento dos cursos.<\/p>\n","protected":false},"excerpt":{"rendered":"<p>PorReda\u00e7\u00e3o15 de julho de 2026 Quarenta internos do Estabelecimento Penal Masculino de Corumb\u00e1 conclu\u00edram, nesta semana, cursos de qualifica\u00e7\u00e3o profissional promovidos pelo Servi\u00e7o Nacional de Aprendizagem Industrial (Senai). A certifica\u00e7\u00e3o reuniu representantes da institui\u00e7\u00e3o de ensino, diretores de unidades penais e familiares dos formandos, encerrando um ciclo de capacita\u00e7\u00e3o iniciado em fevereiro. Os participantes receberam [&hellip;]<\/p>\n","protected":false},"author":1,"featured_media":11756314,"comment_status":"closed","ping_status":"open","sticky":false,"template":"","format":"standard","meta":{"footnotes":""},"categories":[2,3],"tags":[],"class_list":["post-11756313","post","type-post","status-publish","format-standard","has-post-thumbnail","hentry","category-corumba","category-destaque"],"_links":{"self":[{"href":"https:\/\/bandfmcorumba.agoranoar.com.br\/index.php\/wp-json\/wp\/v2\/posts\/11756313","targetHints":{"allow":["GET"]}}],"collection":[{"href":"https:\/\/bandfmcorumba.agoranoar.com.br\/index.php\/wp-json\/wp\/v2\/posts"}],"about":[{"href":"https:\/\/bandfmcorumba.agoranoar.com.br\/index.php\/wp-json\/wp\/v2\/types\/post"}],"author":[{"embeddable":true,"href":"https:\/\/bandfmcorumba.agoranoar.com.br\/index.php\/wp-json\/wp\/v2\/users\/1"}],"replies":[{"embeddable":true,"href":"https:\/\/bandfmcorumba.agoranoar.com.br\/index.php\/wp-json\/wp\/v2\/comments?post=11756313"}],"version-history":[{"count":0,"href":"https:\/\/bandfmcorumba.agoranoar.com.br\/index.php\/wp-json\/wp\/v2\/posts\/11756313\/revisions"}],"wp:attachment":[{"href":"https:\/\/bandfmcorumba.agoranoar.com.br\/index.php\/wp-json\/wp\/v2\/media?parent=11756313"}],"wp:term":[{"taxonomy":"category","embeddable":true,"href":"https:\/\/bandfmcorumba.agoranoar.com.br\/index.php\/wp-json\/wp\/v2\/categories?post=11756313"},{"taxonomy":"post_tag","embeddable":true,"href":"https:\/\/bandfmcorumba.agoranoar.com.br\/index.php\/wp-json\/wp\/v2\/tags?post=11756313"}],"curies":[{"name":"wp","href":"https:\/\/api.w.org\/{rel}","templated":true}]}}