{"id":11756293,"date":"2026-07-15T09:48:44","date_gmt":"2026-07-15T13:48:44","guid":{"rendered":"https:\/\/grupopantanalms.com.br\/?p=11756293"},"modified":"2026-07-15T09:48:44","modified_gmt":"2026-07-15T13:48:44","slug":"perigo-vendavais-de-ate-100-km-h-atingem-mato-grosso-do-sul-neste-fim-de-semana","status":"publish","type":"post","link":"https:\/\/bandfmcorumba.agoranoar.com.br\/index.php\/2026\/07\/15\/perigo-vendavais-de-ate-100-km-h-atingem-mato-grosso-do-sul-neste-fim-de-semana\/","title":{"rendered":"\u2018Perigo\u2019: vendavais de at\u00e9 100 km\/h atingem Mato Grosso do Sul neste fim de semana"},"content":{"rendered":"\n<p class=\"wp-block-paragraph\">Murilo Medeiros-15\/07\/2026<\/p>\n\n\n\n\n\n<p class=\"wp-block-paragraph\">O Inmet (Instituto Nacional de Meteorologia) informa que vendavais de at\u00e9 100 km\/h devem atingir Mato Grosso do Sul entre sexta-feira (17) e domingo (19). Os ventos se intensificam j\u00e1 na quinta-feira (16) e causam \u201cperigo\u201d de queda de \u00e1rvores e destelhamento de casas no fim de semana.<\/p>\n\n\n\n<p class=\"wp-block-paragraph\">O meteorologista Danilo Siden, do&nbsp;<a href=\"https:\/\/avisos.inmet.gov.br\/\"><strong>Inmet<\/strong><\/a>, explica que esse fen\u00f4meno deve come\u00e7ar nas primeiras horas do dia 17 de julho. Do Sul do Brasil, ele se espalha em dire\u00e7\u00e3o ao Norte a partir da tarde de sexta-feira (17), quando atinge seu auge. Os vendavais perdem for\u00e7a de manh\u00e3, \u00e0 noite e nas madrugadas, mas voltam a ganhar pot\u00eancia no per\u00edodo da tarde. \u201cN\u00e3o vai ser o dia todo, vai ser mais intenso nas tardes\u201d, afirma.<\/p>\n\n\n\n<p class=\"wp-block-paragraph\">Nesta quinta-feira (16), os vendavais variam entre 40 km\/h e 60 km\/h. J\u00e1 a partir de sexta-feira, a previs\u00e3o indica ventos de 60 km\/h a 100 km\/h. Ao todo, 55 cidades de Mato Grosso do Sul est\u00e3o na lista de risco, incluindo a Capital e as regi\u00f5es sudoeste, Pantanal, centro, norte, sul e leste do Estado.<\/p>\n\n\n\n<h2 class=\"wp-block-heading\">\u2018Ventos fortes\u2019<\/h2>\n\n\n\n<figure class=\"wp-block-image\"><img decoding=\"async\" src=\"https:\/\/cdn.midiamax.com.br\/wp-content\/uploads\/2026\/07\/prisao-em-Botucatu-Divulgacao-PCMS-1-1.jpg\" alt=\"\" class=\"wp-image-3272139\" \/><figcaption class=\"wp-element-caption\">Regi\u00e3o em laranja tem aviso de \u2018perigo\u2019 para vendaval. (Reprodu\u00e7\u00e3o)<\/figcaption><\/figure>\n\n\n\n<p class=\"wp-block-paragraph\">O meteorologista Danilo Siden, do Inmet, explica que esse cen\u00e1rio \u00e9 devido a \u00e1reas de instabilidade que devem se formar na regi\u00e3o Sul do Brasil e se estender at\u00e9 o Norte do pa\u00eds. \u201cTodo esse corredor, que vai desde o oeste do estado de Mato Grosso, passando por Mato Grosso do Sul, Paran\u00e1, Santa Catarina e Rio Grande do Sul, \u00e9 a \u00e1rea onde pode ter esses ventos fortes a partir da sexta\u201d, diz o especialista.<\/p>\n\n\n\n<p class=\"wp-block-paragraph\">Conforme o meteorologista, jatos de baixos n\u00edveis provocam essas instabilidades, com pancadas de chuva no Rio Grande do Sul e ventos em outras regi\u00f5es. Jatos de baixos n\u00edveis s\u00e3o correntes estreitas de vento muito forte que circulam nas camadas mais baixas da atmosfera e transportam calor e umidade.<\/p>\n\n\n\n<p class=\"wp-block-paragraph\">No entanto, Danilo Siden tamb\u00e9m explica que todas as previs\u00f5es s\u00e3o pass\u00edveis de altera\u00e7\u00e3o at\u00e9 que o evento ocorra de fato. Segundo ele, a an\u00e1lise fica mais precisa quando o epis\u00f3dio se aproxima. \u201cPor\u00e9m, esse tipo de sistema j\u00e1 \u00e9 conhecido na literatura especializada em meteorologia nessa parte do pa\u00eds. Essa previs\u00e3o j\u00e1 vinha sendo observada h\u00e1 alguns dias\u201d, conclui.<\/p>\n\n\n\n<h2 class=\"wp-block-heading\">Lista<\/h2>\n\n\n\n<p class=\"wp-block-paragraph\">Confira a lista de 55 cidades de MS em \u201cperigo\u201d para ventos de at\u00e9 100 km\/h:<\/p>\n\n\n\n<ul class=\"wp-block-list\">\n<li>Amambai<\/li>\n\n\n\n<li>Anast\u00e1cio<\/li>\n\n\n\n<li>Ang\u00e9lica<\/li>\n\n\n\n<li>Ant\u00f4nio Jo\u00e3o<\/li>\n\n\n\n<li>Aquidauana<\/li>\n\n\n\n<li>Aral Moreira<\/li>\n\n\n\n<li>Bela Vista<\/li>\n\n\n\n<li>Bodoquena<\/li>\n\n\n\n<li>Bonito<\/li>\n\n\n\n<li>Caarap\u00f3<\/li>\n\n\n\n<li>Campo Grande<\/li>\n\n\n\n<li>Caracol<\/li>\n\n\n\n<li>Corguinho<\/li>\n\n\n\n<li>Coronel Sapucaia<\/li>\n\n\n\n<li>Corumb\u00e1<\/li>\n\n\n\n<li>Deod\u00e1polis<\/li>\n\n\n\n<li>Dois Irm\u00e3os do Buriti<\/li>\n\n\n\n<li>Douradina<\/li>\n\n\n\n<li>Dourados<\/li>\n\n\n\n<li>Eldorado<\/li>\n\n\n\n<li><a href=\"https:\/\/midiamax.com.br\/municipios\/fatima-do-sul\/\">F\u00e1tima do Sul<\/a><\/li>\n\n\n\n<li>Gl\u00f3ria de Dourados<\/li>\n\n\n\n<li>Guia Lopes da Laguna<\/li>\n\n\n\n<li>Iguatemi<\/li>\n\n\n\n<li>Itapor\u00e3<\/li>\n\n\n\n<li>Itaquira\u00ed<\/li>\n\n\n\n<li>Ivinhema<\/li>\n\n\n\n<li>Japor\u00e3<\/li>\n\n\n\n<li>Jaraguari<\/li>\n\n\n\n<li>Jardim<\/li>\n\n\n\n<li>Jate\u00ed<\/li>\n\n\n\n<li>Juti<\/li>\n\n\n\n<li>Lad\u00e1rio<\/li>\n\n\n\n<li>Laguna Carap\u00e3<\/li>\n\n\n\n<li>Maracaju<\/li>\n\n\n\n<li>Miranda<\/li>\n\n\n\n<li>Mundo Novo<\/li>\n\n\n\n<li>Navira\u00ed<\/li>\n\n\n\n<li>Nioaque<\/li>\n\n\n\n<li>Nova Alvorada do Sul<\/li>\n\n\n\n<li>Nova Andradina<\/li>\n\n\n\n<li>Novo Horizonte do Sul<\/li>\n\n\n\n<li>Paranhos<\/li>\n\n\n\n<li>Ponta Por\u00e3<\/li>\n\n\n\n<li>Porto Murtinho<\/li>\n\n\n\n<li>Rio Brilhante<\/li>\n\n\n\n<li><a href=\"https:\/\/midiamax.com.br\/municipios\/rio-negro\/\">Rio Negro<\/a><\/li>\n\n\n\n<li>Rio Verde de Mato Grosso<\/li>\n\n\n\n<li>Rochedo<\/li>\n\n\n\n<li>Sete Quedas<\/li>\n\n\n\n<li>Sidrol\u00e2ndia<\/li>\n\n\n\n<li>Tacuru<\/li>\n\n\n\n<li>Taquarussu<\/li>\n\n\n\n<li><a href=\"https:\/\/midiamax.com.br\/municipios\/terenos\/\">Terenos<\/a><\/li>\n\n\n\n<li>Vicentina<\/li>\n<\/ul>\n\n\n\n<p class=\"wp-block-paragraph\">O&nbsp;<strong>Jornal Midiamax<\/strong>&nbsp;perguntou \u00e0 Prefeitura de Campo Grande se h\u00e1 preparo para a possibilidade de um evento clim\u00e1tico extremo no fim de semana e se haver\u00e1 intensifica\u00e7\u00e3o nos trabalhos da Defesa Civil e da Sisep (Secretaria Municipal de Infraestrutura&nbsp;e Servi\u00e7os P\u00fablicos). A reportagem aguarda resposta.<\/p>\n","protected":false},"excerpt":{"rendered":"<p>Murilo Medeiros-15\/07\/2026 O Inmet (Instituto Nacional de Meteorologia) informa que vendavais de at\u00e9 100 km\/h devem atingir Mato Grosso do Sul entre sexta-feira (17) e domingo (19). Os ventos se intensificam j\u00e1 na quinta-feira (16) e causam \u201cperigo\u201d de queda de \u00e1rvores e destelhamento de casas no fim de semana. O meteorologista Danilo Siden, do&nbsp;Inmet, [&hellip;]<\/p>\n","protected":false},"author":1,"featured_media":11756294,"comment_status":"closed","ping_status":"open","sticky":false,"template":"","format":"standard","meta":{"footnotes":""},"categories":[2,3],"tags":[],"class_list":["post-11756293","post","type-post","status-publish","format-standard","has-post-thumbnail","hentry","category-corumba","category-destaque"],"_links":{"self":[{"href":"https:\/\/bandfmcorumba.agoranoar.com.br\/index.php\/wp-json\/wp\/v2\/posts\/11756293","targetHints":{"allow":["GET"]}}],"collection":[{"href":"https:\/\/bandfmcorumba.agoranoar.com.br\/index.php\/wp-json\/wp\/v2\/posts"}],"about":[{"href":"https:\/\/bandfmcorumba.agoranoar.com.br\/index.php\/wp-json\/wp\/v2\/types\/post"}],"author":[{"embeddable":true,"href":"https:\/\/bandfmcorumba.agoranoar.com.br\/index.php\/wp-json\/wp\/v2\/users\/1"}],"replies":[{"embeddable":true,"href":"https:\/\/bandfmcorumba.agoranoar.com.br\/index.php\/wp-json\/wp\/v2\/comments?post=11756293"}],"version-history":[{"count":0,"href":"https:\/\/bandfmcorumba.agoranoar.com.br\/index.php\/wp-json\/wp\/v2\/posts\/11756293\/revisions"}],"wp:attachment":[{"href":"https:\/\/bandfmcorumba.agoranoar.com.br\/index.php\/wp-json\/wp\/v2\/media?parent=11756293"}],"wp:term":[{"taxonomy":"category","embeddable":true,"href":"https:\/\/bandfmcorumba.agoranoar.com.br\/index.php\/wp-json\/wp\/v2\/categories?post=11756293"},{"taxonomy":"post_tag","embeddable":true,"href":"https:\/\/bandfmcorumba.agoranoar.com.br\/index.php\/wp-json\/wp\/v2\/tags?post=11756293"}],"curies":[{"name":"wp","href":"https:\/\/api.w.org\/{rel}","templated":true}]}}