{"id":11756290,"date":"2026-07-15T08:27:48","date_gmt":"2026-07-15T12:27:48","guid":{"rendered":"https:\/\/grupopantanalms.com.br\/?p=11756290"},"modified":"2026-07-15T08:27:48","modified_gmt":"2026-07-15T12:27:48","slug":"prazo-para-tarifaco-dos-eua-vence-nesta-quarta-e-acordo-segue-sem-previsao","status":"publish","type":"post","link":"https:\/\/bandfmcorumba.agoranoar.com.br\/index.php\/2026\/07\/15\/prazo-para-tarifaco-dos-eua-vence-nesta-quarta-e-acordo-segue-sem-previsao\/","title":{"rendered":"Prazo para tarifa\u00e7o dos EUA vence nesta quarta e acordo segue sem previs\u00e3o"},"content":{"rendered":"\n<p class=\"wp-block-paragraph\"><img loading=\"lazy\" decoding=\"async\" width=\"26\" height=\"26\" alt=\"\" src=\"https:\/\/folhams.com.br\/wp-content\/uploads\/2026\/02\/avatar-150x150.jpg\">Por<a href=\"https:\/\/folhams.com.br\/author\/erik-silva\/\">Erik Silva<\/a><\/p>\n\n\n\n\n\n<p class=\"wp-block-paragraph\">O prazo definido pelo Escrit\u00f3rio do Representante Comercial dos Estados Unidos (USTR) para decidir sobre a aplica\u00e7\u00e3o, ou n\u00e3o, de uma tarifa adicional de 25% sobre a importa\u00e7\u00e3o de parte dos produtos brasileiros vence nesta quarta-feira (15), sem sinais de consenso entre os dois pa\u00edses.<\/p>\n\n\n\n<p class=\"wp-block-paragraph\">O pacote de medidas proposto pelo USTR recorre \u00e0 Se\u00e7\u00e3o 301 da legisla\u00e7\u00e3o estadunidense e aponta pr\u00e1ticas consideradas \u201cdesleais\u201d envolvendo o Pix, o etanol, o desmatamento ilegal e outros pontos, segundo documento divulgado pelo \u00f3rg\u00e3o.<\/p>\n\n\n\n<p class=\"wp-block-paragraph\">As negocia\u00e7\u00f5es travam diante de impasses t\u00e9cnicos e pol\u00edticos, entre os quais se destacam a recusa brasileira em abrir negocia\u00e7\u00e3o sobre mudan\u00e7as no Pix e a resist\u00eancia dos EUA em aceitar uma redu\u00e7\u00e3o da sobretaxa que incide sobre o a\u00e7\u00facar brasileiro como contrapartida para altera\u00e7\u00f5es na tarifa de etanol vendida ao Brasil.<\/p>\n\n\n\n<p class=\"wp-block-paragraph\">Do lado brasileiro, houve resposta direta \u00e0s acusa\u00e7\u00f5es do USTR. \u201cIsso [o tarifa\u00e7o] oneraria uma rela\u00e7\u00e3o bilateral de com\u00e9rcio e investimento que \u00e9 claramente importante para ambos os lados, ao mesmo tempo que reduziria o espa\u00e7o para o di\u00e1logo mais capaz de produzir resultados pr\u00e1ticos\u201d conforme o ministro das Rela\u00e7\u00f5es Exteriores, Mauro Vieira.<\/p>\n\n\n\n<p class=\"wp-block-paragraph\">Especialistas consultados afirmam que o tarifa\u00e7o tem motiva\u00e7\u00f5es pol\u00edticas al\u00e9m de econ\u00f4micas e funciona como instrumento de press\u00e3o para realinhar o continente americano \u00e0 nova linha de a\u00e7\u00e3o da administra\u00e7\u00e3o Donald Trump.<\/p>\n\n\n\n<p class=\"wp-block-paragraph\">Paulo Borba Casella, professor de direito internacional da Universidade de S\u00e3o Paulo, avaliou o car\u00e1ter pol\u00edtico da medida ao afirmar \u201cn\u00e3o disfar\u00e7am\u201d que a medida tem motiva\u00e7\u00e3o pol\u00edtica, dificultando o fechamento de um acordo.<\/p>\n\n\n\n<p class=\"wp-block-paragraph\">O mesmo professor ressaltou a dimens\u00e3o da atua\u00e7\u00e3o: \u201cQualquer negocia\u00e7\u00e3o e poss\u00edvel acordo dependem de interesse e boa vontade rec\u00edprocas. Na medida em que isso n\u00e3o seja encontrado por parte deles, ficaria dif\u00edcil de alcan\u00e7ar algum entendimento\u201d.<\/p>\n\n\n\n<p class=\"wp-block-paragraph\">Casella lembrou o tom pessoal das declara\u00e7\u00f5es presidenciais no passado e interpretou o tarifa\u00e7o como ato de interven\u00e7\u00e3o externa: \u201c\u00e9 uma forma de \u201cinterferir na pol\u00edtica interna&#8217;\u201d.<\/p>\n\n\n\n<p class=\"wp-block-paragraph\">Para o professor Alexandre Pires, do Ibmec-SP, a movimenta\u00e7\u00e3o americana integra um esfor\u00e7o mais amplo de reaproxima\u00e7\u00e3o e conten\u00e7\u00e3o da influ\u00eancia chinesa no Hemisf\u00e9rio Ocidental. \u201cA Casa Branca busca realinhar o Hemisf\u00e9rio Ocidental aos EUA e afast\u00e1-lo da influ\u00eancia econ\u00f4mica e tecnol\u00f3gica chinesa. O Brasil nos \u00faltimos 20 anos fortaleceu seus la\u00e7os com a China, diante de um fechamento cada vez maior dos parceiros tradicionais, Europa e Am\u00e9rica do Norte\u201d.<\/p>\n\n\n\n<p class=\"wp-block-paragraph\">Pires avaliou ainda que o objetivo norte-americano passa pela remo\u00e7\u00e3o de barreiras comerciais brasileiras para empresas dos EUA, embora considere pouco prov\u00e1vel a elimina\u00e7\u00e3o imediata desses obst\u00e1culos. \u201cO desejo dos EUA \u00e9 a elimina\u00e7\u00e3o das barreiras comerciais brasileiras em rela\u00e7\u00e3o \u00e0s empresas americanas, mas n\u00e3o \u00e9 algo fact\u00edvel no curt\u00edssimo prazo\u201d.<\/p>\n\n\n\n<p class=\"wp-block-paragraph\">No plano setorial, o governo brasileiro tem insistido que o etanol n\u00e3o seja inclu\u00eddo nas discuss\u00f5es como condi\u00e7\u00e3o para manter o equil\u00edbrio do mercado interno, postura refor\u00e7ada pelo ministro do Desenvolvimento, Ind\u00fastria, Com\u00e9rcio e Servi\u00e7os, M\u00e1rcio Elias Rosa, ao afirmar \u201cO governo vem defendendo que o etanol n\u00e3o seja tratado nessa discuss\u00e3o. \u00c9 uma pena que outras pessoas pensem diferente para que o etanol americano possa entrar no mercado brasileiro com facilidade\u201d.<\/p>\n\n\n\n<p class=\"wp-block-paragraph\">Rosa relacionou a quest\u00e3o do etanol \u00e0 prote\u00e7\u00e3o da cadeia produtiva brasileira e ao tratamento sim\u00e9trico de produtos equivalentes, destacando ainda a barreira que pesa sobre o a\u00e7\u00facar nacional no mercado americano: \u201cNosso a\u00e7\u00facar tem sobretaxa nos Estados Unidos de quase 100%. N\u00e3o d\u00e1 para dissociar as duas cadeias\u201d.<\/p>\n\n\n\n<p class=\"wp-block-paragraph\">Associa\u00e7\u00f5es do setor sucroenerg\u00e9tico e da agropecu\u00e1ria defenderam a posi\u00e7\u00e3o do governo, argumentando que a queda nas importa\u00e7\u00f5es de etanol dos EUA decorre, em grande parte, da expans\u00e3o da pr\u00f3pria produ\u00e7\u00e3o brasileira, e n\u00e3o apenas de tarifas, conforme posicionamento p\u00fablico de entidades como a Uni\u00e3o da Ind\u00fastria de Cana-de-A\u00e7\u00facar e Bioenergia, a Uni\u00e3o Nacional do Etanol de Milho e a Confedera\u00e7\u00e3o da Agricultura e Pecu\u00e1ria do Brasil.<\/p>\n\n\n\n<p class=\"wp-block-paragraph\">O debate sobre incluir o etanol nas negocia\u00e7\u00f5es com os EUA tamb\u00e9m suscitou an\u00e1lise jur\u00eddica do professor Casella, que considerou coerente a defesa brasileira de n\u00e3o avan\u00e7ar sem compensa\u00e7\u00e3o sobre o a\u00e7\u00facar: \u201cTem raz\u00e3o de n\u00e3o negociar a quest\u00e3o do etanol, a menos que tirassem a sobretaxa do a\u00e7\u00facar brasileiro. Afinal de contas, \u00e9 uma situa\u00e7\u00e3o equivalente, tendo como base o mesmo produto\u201d.<\/p>\n\n\n\n<p class=\"wp-block-paragraph\">Com o vencimento do prazo do USTR marcado para esta quarta-feira, persiste a incerteza quanto \u00e0 ado\u00e7\u00e3o efetiva da sobretaxa. Autoridades brasileiras enfatizam que a aplica\u00e7\u00e3o da tarifa tenderia a prejudicar a rela\u00e7\u00e3o comercial e o espa\u00e7o de di\u00e1logo, enquanto analistas veem a medida como alinhada a uma estrat\u00e9gia pol\u00edtica mais ampla dos EUA para a regi\u00e3o.<\/p>\n\n\n\n<p class=\"wp-block-paragraph\">O desfecho das tratativas depende, portanto, da conjuga\u00e7\u00e3o entre interesses setoriais, posi\u00e7\u00f5es de Estado e da disposi\u00e7\u00e3o pol\u00edtica de ambas as partes para buscar concess\u00f5es m\u00fatuas que permitam acordo, condi\u00e7\u00e3o que, at\u00e9 o momento, n\u00e3o se mostra alcan\u00e7ada.<\/p>\n","protected":false},"excerpt":{"rendered":"<p>PorErik Silva O prazo definido pelo Escrit\u00f3rio do Representante Comercial dos Estados Unidos (USTR) para decidir sobre a aplica\u00e7\u00e3o, ou n\u00e3o, de uma tarifa adicional de 25% sobre a importa\u00e7\u00e3o de parte dos produtos brasileiros vence nesta quarta-feira (15), sem sinais de consenso entre os dois pa\u00edses. O pacote de medidas proposto pelo USTR recorre [&hellip;]<\/p>\n","protected":false},"author":1,"featured_media":11756291,"comment_status":"closed","ping_status":"open","sticky":false,"template":"","format":"standard","meta":{"footnotes":""},"categories":[6],"tags":[],"class_list":["post-11756290","post","type-post","status-publish","format-standard","has-post-thumbnail","hentry","category-internacional"],"_links":{"self":[{"href":"https:\/\/bandfmcorumba.agoranoar.com.br\/index.php\/wp-json\/wp\/v2\/posts\/11756290","targetHints":{"allow":["GET"]}}],"collection":[{"href":"https:\/\/bandfmcorumba.agoranoar.com.br\/index.php\/wp-json\/wp\/v2\/posts"}],"about":[{"href":"https:\/\/bandfmcorumba.agoranoar.com.br\/index.php\/wp-json\/wp\/v2\/types\/post"}],"author":[{"embeddable":true,"href":"https:\/\/bandfmcorumba.agoranoar.com.br\/index.php\/wp-json\/wp\/v2\/users\/1"}],"replies":[{"embeddable":true,"href":"https:\/\/bandfmcorumba.agoranoar.com.br\/index.php\/wp-json\/wp\/v2\/comments?post=11756290"}],"version-history":[{"count":0,"href":"https:\/\/bandfmcorumba.agoranoar.com.br\/index.php\/wp-json\/wp\/v2\/posts\/11756290\/revisions"}],"wp:attachment":[{"href":"https:\/\/bandfmcorumba.agoranoar.com.br\/index.php\/wp-json\/wp\/v2\/media?parent=11756290"}],"wp:term":[{"taxonomy":"category","embeddable":true,"href":"https:\/\/bandfmcorumba.agoranoar.com.br\/index.php\/wp-json\/wp\/v2\/categories?post=11756290"},{"taxonomy":"post_tag","embeddable":true,"href":"https:\/\/bandfmcorumba.agoranoar.com.br\/index.php\/wp-json\/wp\/v2\/tags?post=11756290"}],"curies":[{"name":"wp","href":"https:\/\/api.w.org\/{rel}","templated":true}]}}