{"id":11756284,"date":"2026-07-15T08:25:04","date_gmt":"2026-07-15T12:25:04","guid":{"rendered":"https:\/\/grupopantanalms.com.br\/?p=11756284"},"modified":"2026-07-15T08:25:04","modified_gmt":"2026-07-15T12:25:04","slug":"magistrados-da-justica-federal-realizam-visita-a-prefeitura-de-corumba","status":"publish","type":"post","link":"https:\/\/bandfmcorumba.agoranoar.com.br\/index.php\/2026\/07\/15\/magistrados-da-justica-federal-realizam-visita-a-prefeitura-de-corumba\/","title":{"rendered":"Magistrados da Justi\u00e7a Federal realizam visita \u00e0 Prefeitura de Corumb\u00e1"},"content":{"rendered":"\n<p class=\"wp-block-paragraph\"><img loading=\"lazy\" decoding=\"async\" width=\"26\" height=\"26\" alt=\"Lucas Meirelles\" src=\"https:\/\/folhams.com.br\/wp-content\/uploads\/2026\/02\/lucas-meirelles-150x150.webp\">Por<a href=\"https:\/\/folhams.com.br\/author\/lucas-meirelles\/\">Lucas Meirelles<\/a><\/p>\n\n\n\n\n\n<p class=\"wp-block-paragraph\">Nesta semana a Prefeitura de Corumb\u00e1 recebeu os ju\u00edzes federais Felipe de Farias Ramos e Daniel Amorim Fria\u00e7a em reuni\u00e3o realizada com o prefeito Dr. Gabriel Alves de Oliveira, o procurador-geral do Munic\u00edpio Roberto Ajala Lins e demais procuradores municipais.<\/p>\n\n\n\n<p class=\"wp-block-paragraph\">O objetivo central do encontro foi fortalecer o di\u00e1logo entre o Executivo Municipal e a Justi\u00e7a Federal, promovendo a troca de informa\u00e7\u00f5es sobre temas de interesse comum e os desafios espec\u00edficos da regi\u00e3o, como as caracter\u00edsticas de fronteira, a extensa \u00e1rea territorial e as demandas das comunidades rurais e ribeirinhas.<\/p>\n\n\n\n<p class=\"wp-block-paragraph\">Os magistrados tamb\u00e9m conheceram a estrutura da Procuradoria-Geral do Munic\u00edpio, em um interc\u00e2mbio de experi\u00eancias a respeito da atua\u00e7\u00e3o jur\u00eddica no setor p\u00fablico, visando alinhar procedimentos e compartilhar pr\u00e1ticas profissionais.<\/p>\n\n\n\n<p class=\"wp-block-paragraph\">O prefeito ressaltou a import\u00e2ncia da coopera\u00e7\u00e3o institucional para a constru\u00e7\u00e3o de solu\u00e7\u00f5es mais eficientes e afirmou que a integra\u00e7\u00e3o entre os \u00f3rg\u00e3os p\u00fablicos \u00e9 essencial para enfrentar os desafios locais.<\/p>\n\n\n\n<p class=\"wp-block-paragraph\">De acordo com informa\u00e7\u00f5es da Prefeitura de Corumb\u00e1, a agenda refor\u00e7ou a inten\u00e7\u00e3o de manuten\u00e7\u00e3o do di\u00e1logo permanente entre as institui\u00e7\u00f5es, com aten\u00e7\u00e3o \u00e0s particularidades e necessidades da popula\u00e7\u00e3o regional.<\/p>\n","protected":false},"excerpt":{"rendered":"<p>PorLucas Meirelles Nesta semana a Prefeitura de Corumb\u00e1 recebeu os ju\u00edzes federais Felipe de Farias Ramos e Daniel Amorim Fria\u00e7a em reuni\u00e3o realizada com o prefeito Dr. Gabriel Alves de Oliveira, o procurador-geral do Munic\u00edpio Roberto Ajala Lins e demais procuradores municipais. O objetivo central do encontro foi fortalecer o di\u00e1logo entre o Executivo Municipal [&hellip;]<\/p>\n","protected":false},"author":1,"featured_media":11756285,"comment_status":"closed","ping_status":"open","sticky":false,"template":"","format":"standard","meta":{"footnotes":""},"categories":[2,3],"tags":[],"class_list":["post-11756284","post","type-post","status-publish","format-standard","has-post-thumbnail","hentry","category-corumba","category-destaque"],"_links":{"self":[{"href":"https:\/\/bandfmcorumba.agoranoar.com.br\/index.php\/wp-json\/wp\/v2\/posts\/11756284","targetHints":{"allow":["GET"]}}],"collection":[{"href":"https:\/\/bandfmcorumba.agoranoar.com.br\/index.php\/wp-json\/wp\/v2\/posts"}],"about":[{"href":"https:\/\/bandfmcorumba.agoranoar.com.br\/index.php\/wp-json\/wp\/v2\/types\/post"}],"author":[{"embeddable":true,"href":"https:\/\/bandfmcorumba.agoranoar.com.br\/index.php\/wp-json\/wp\/v2\/users\/1"}],"replies":[{"embeddable":true,"href":"https:\/\/bandfmcorumba.agoranoar.com.br\/index.php\/wp-json\/wp\/v2\/comments?post=11756284"}],"version-history":[{"count":0,"href":"https:\/\/bandfmcorumba.agoranoar.com.br\/index.php\/wp-json\/wp\/v2\/posts\/11756284\/revisions"}],"wp:attachment":[{"href":"https:\/\/bandfmcorumba.agoranoar.com.br\/index.php\/wp-json\/wp\/v2\/media?parent=11756284"}],"wp:term":[{"taxonomy":"category","embeddable":true,"href":"https:\/\/bandfmcorumba.agoranoar.com.br\/index.php\/wp-json\/wp\/v2\/categories?post=11756284"},{"taxonomy":"post_tag","embeddable":true,"href":"https:\/\/bandfmcorumba.agoranoar.com.br\/index.php\/wp-json\/wp\/v2\/tags?post=11756284"}],"curies":[{"name":"wp","href":"https:\/\/api.w.org\/{rel}","templated":true}]}}