{"id":11756263,"date":"2026-07-14T13:31:08","date_gmt":"2026-07-14T17:31:08","guid":{"rendered":"https:\/\/grupopantanalms.com.br\/?p=11756263"},"modified":"2026-07-14T13:31:08","modified_gmt":"2026-07-14T17:31:08","slug":"bolivia-felcn-intercepta-340-capsulas-de-droga-na-fronteira-com-corumba","status":"publish","type":"post","link":"https:\/\/bandfmcorumba.agoranoar.com.br\/index.php\/2026\/07\/14\/bolivia-felcn-intercepta-340-capsulas-de-droga-na-fronteira-com-corumba\/","title":{"rendered":"Bol\u00edvia: FELCN intercepta 340 c\u00e1psulas de droga na fronteira com Corumb\u00e1"},"content":{"rendered":"\n<p class=\"wp-block-paragraph\"><strong>Leonardo Cabral<\/strong>&nbsp;em 14 de Julho de 2026<\/p>\n\n\n\n<p class=\"wp-block-paragraph\">Reprodu\u00e7\u00e3o\/FELCN<\/p>\n\n\n\n\n\n<p class=\"wp-block-paragraph\">Cinco pessoas, sendo tr\u00eas mulheres e dois homens, todos de nacionalidade boliviana, foram presas por tr\u00e1fico de drogas na segunda-feira (13), pela For\u00e7a Especial de Combate ao Narcotr\u00e1fico (FELCN), da Bol\u00edvia. O flagrante ocorreu em uma barreira policial em Puerto Su\u00e1rez, munic\u00edpio localizado na fronteira com o Brasil.&nbsp;<\/p>\n\n\n\n<p class=\"wp-block-paragraph\">De acordo com a FELCN, o grupo viajava em \u00f4nibus de transporte intermunicipal, vindos de Santa Cruz de la Sierra, cidade situada a cerca de 650 quil\u00f4metros de Corumb\u00e1. Durante a fiscaliza\u00e7\u00e3o, diversos \u00f4nibus foram abordados e, na inspe\u00e7\u00e3o dos passageiros, os policiais identificaram os cinco suspeitos.<\/p>\n\n\n\n<p class=\"wp-block-paragraph\">Com o grupo, foram apreendidas 349 c\u00e1psulas contendo uma subst\u00e2ncia amarelada, preparadas para serem ingeridas. O teste de campo confirmou que o material era pasta base de coca\u00edna.<\/p>\n\n\n\n<p class=\"wp-block-paragraph\">Reprodu\u00e7\u00e3o\/FELCN<a href=\"https:\/\/www.diarionline.com.br\/i.php?i=static\/arquivo\/2026-07\/drogaaa_solitaaaaaaa_usar-ee03.jpg&amp;w=753\"><\/a><\/p>\n\n\n\n<p class=\"wp-block-paragraph\">Uma das passageiras presas pelo crime de tr\u00e1fico de drogasOs cinco foram encaminhados ao Minist\u00e9rio P\u00fablico da Bol\u00edvia, que dar\u00e1 continuidade \u00e0s investiga\u00e7\u00f5es. As apura\u00e7\u00f5es iniciais indicam que o entorpecente teria como destino o Brasil, com entrada pela fronteira de Corumb\u00e1.<\/p>\n\n\n\n<p class=\"wp-block-paragraph\">O transporte de drogas em c\u00e1psulas \u00e9 frequentemente utilizada por organiza\u00e7\u00f5es criminosas. Conhecidos como &#8220;mulas do tr\u00e1fico&#8221;, os envolvidos ingerem ou ocultam os entorpecentes no pr\u00f3prio corpo para tentar burlar a fiscaliza\u00e7\u00e3o nas fronteiras.<\/p>\n\n\n\n<p class=\"wp-block-paragraph\"><strong>Outra apreens\u00e3o<\/strong><\/p>\n\n\n\n<p class=\"wp-block-paragraph\">Esta \u00e9 a segunda apreens\u00e3o realizada pela FELCN em pouco mais de uma semana na mesma rota.&nbsp;<a href=\"https:\/\/www.diarionline.com.br\/?s=noticia&amp;id=157906\" target=\"_blank\" rel=\"noreferrer noopener\">No dia 7 de julho<\/a>, a pol\u00edcia prendeu tr\u00eas bolivianos que transportavam 177 c\u00e1psulas de droga, tamb\u00e9m prontas para ingest\u00e3o.&nbsp;<\/p>\n","protected":false},"excerpt":{"rendered":"<p>Leonardo Cabral&nbsp;em 14 de Julho de 2026 Reprodu\u00e7\u00e3o\/FELCN Cinco pessoas, sendo tr\u00eas mulheres e dois homens, todos de nacionalidade boliviana, foram presas por tr\u00e1fico de drogas na segunda-feira (13), pela For\u00e7a Especial de Combate ao Narcotr\u00e1fico (FELCN), da Bol\u00edvia. O flagrante ocorreu em uma barreira policial em Puerto Su\u00e1rez, munic\u00edpio localizado na fronteira com o [&hellip;]<\/p>\n","protected":false},"author":1,"featured_media":11756264,"comment_status":"closed","ping_status":"open","sticky":false,"template":"","format":"standard","meta":{"footnotes":""},"categories":[2,6],"tags":[],"class_list":["post-11756263","post","type-post","status-publish","format-standard","has-post-thumbnail","hentry","category-corumba","category-internacional"],"_links":{"self":[{"href":"https:\/\/bandfmcorumba.agoranoar.com.br\/index.php\/wp-json\/wp\/v2\/posts\/11756263","targetHints":{"allow":["GET"]}}],"collection":[{"href":"https:\/\/bandfmcorumba.agoranoar.com.br\/index.php\/wp-json\/wp\/v2\/posts"}],"about":[{"href":"https:\/\/bandfmcorumba.agoranoar.com.br\/index.php\/wp-json\/wp\/v2\/types\/post"}],"author":[{"embeddable":true,"href":"https:\/\/bandfmcorumba.agoranoar.com.br\/index.php\/wp-json\/wp\/v2\/users\/1"}],"replies":[{"embeddable":true,"href":"https:\/\/bandfmcorumba.agoranoar.com.br\/index.php\/wp-json\/wp\/v2\/comments?post=11756263"}],"version-history":[{"count":0,"href":"https:\/\/bandfmcorumba.agoranoar.com.br\/index.php\/wp-json\/wp\/v2\/posts\/11756263\/revisions"}],"wp:attachment":[{"href":"https:\/\/bandfmcorumba.agoranoar.com.br\/index.php\/wp-json\/wp\/v2\/media?parent=11756263"}],"wp:term":[{"taxonomy":"category","embeddable":true,"href":"https:\/\/bandfmcorumba.agoranoar.com.br\/index.php\/wp-json\/wp\/v2\/categories?post=11756263"},{"taxonomy":"post_tag","embeddable":true,"href":"https:\/\/bandfmcorumba.agoranoar.com.br\/index.php\/wp-json\/wp\/v2\/tags?post=11756263"}],"curies":[{"name":"wp","href":"https:\/\/api.w.org\/{rel}","templated":true}]}}