{"id":11756258,"date":"2026-07-14T10:05:46","date_gmt":"2026-07-14T14:05:46","guid":{"rendered":"https:\/\/grupopantanalms.com.br\/?p=11756258"},"modified":"2026-07-14T10:05:46","modified_gmt":"2026-07-14T14:05:46","slug":"homem-e-esfaqueado-sete-vezes-apos-suposta-briga-por-alimentos-no-dom-bosco","status":"publish","type":"post","link":"https:\/\/bandfmcorumba.agoranoar.com.br\/index.php\/2026\/07\/14\/homem-e-esfaqueado-sete-vezes-apos-suposta-briga-por-alimentos-no-dom-bosco\/","title":{"rendered":"Homem \u00e9 esfaqueado sete vezes ap\u00f3s suposta briga por alimentos no Dom Bosco"},"content":{"rendered":"\n<p class=\"wp-block-paragraph\"><strong>Leonardo Cabral<\/strong>&nbsp;em 14 de Julho de 2026<\/p>\n\n\n\n\n\n<p class=\"wp-block-paragraph\">Um homem de 49 anos foi socorrido pelo 3\u00ba Grupamento de Bombeiros Militar na madrugada desta ter\u00e7a-feira (14), ap\u00f3s ser esfaqueado durante uma briga na rua Cuiab\u00e1, esquina com a rua Jos\u00e9 Fragelli, no bairro Dom Bosco, em Corumb\u00e1.<\/p>\n\n\n\n<p class=\"wp-block-paragraph\">O atendimento ocorreu por volta da 0h55. Quando a equipe chegou ao local, a v\u00edtima estava consciente, orientada e deitada no ch\u00e3o. Durante a avalia\u00e7\u00e3o, os bombeiros identificaram sete ferimentos provocados por arma branca: tr\u00eas na regi\u00e3o posterior do t\u00f3rax, dois no bra\u00e7o esquerdo e dois na cabe\u00e7a, nas regi\u00f5es parietal e temporal do lado direito.<\/p>\n\n\n\n<p class=\"wp-block-paragraph\">Os militares realizaram o controle das hemorragias por meio de curativos compressivos e, ap\u00f3s estabilizar a v\u00edtima, a encaminharam ao Pronto-Socorro Municipal, onde permaneceu sob os cuidados da equipe m\u00e9dica.<\/p>\n\n\n\n<p class=\"wp-block-paragraph\">Segundo a Central de Opera\u00e7\u00f5es do 3\u00ba GBM, o homem vive em situa\u00e7\u00e3o de vulnerabilidade social e teria sido atacado por outro indiv\u00edduo que tamb\u00e9m frequenta e reside nas imedia\u00e7\u00f5es. Conforme relatos de testemunhas, a agress\u00e3o teria sido motivada por um desentendimento relacionado \u00e0 divis\u00e3o de alimentos.<\/p>\n","protected":false},"excerpt":{"rendered":"<p>Leonardo Cabral&nbsp;em 14 de Julho de 2026 Um homem de 49 anos foi socorrido pelo 3\u00ba Grupamento de Bombeiros Militar na madrugada desta ter\u00e7a-feira (14), ap\u00f3s ser esfaqueado durante uma briga na rua Cuiab\u00e1, esquina com a rua Jos\u00e9 Fragelli, no bairro Dom Bosco, em Corumb\u00e1. O atendimento ocorreu por volta da 0h55. Quando a [&hellip;]<\/p>\n","protected":false},"author":1,"featured_media":11755923,"comment_status":"closed","ping_status":"open","sticky":false,"template":"","format":"standard","meta":{"footnotes":""},"categories":[2],"tags":[],"class_list":["post-11756258","post","type-post","status-publish","format-standard","has-post-thumbnail","hentry","category-corumba"],"_links":{"self":[{"href":"https:\/\/bandfmcorumba.agoranoar.com.br\/index.php\/wp-json\/wp\/v2\/posts\/11756258","targetHints":{"allow":["GET"]}}],"collection":[{"href":"https:\/\/bandfmcorumba.agoranoar.com.br\/index.php\/wp-json\/wp\/v2\/posts"}],"about":[{"href":"https:\/\/bandfmcorumba.agoranoar.com.br\/index.php\/wp-json\/wp\/v2\/types\/post"}],"author":[{"embeddable":true,"href":"https:\/\/bandfmcorumba.agoranoar.com.br\/index.php\/wp-json\/wp\/v2\/users\/1"}],"replies":[{"embeddable":true,"href":"https:\/\/bandfmcorumba.agoranoar.com.br\/index.php\/wp-json\/wp\/v2\/comments?post=11756258"}],"version-history":[{"count":0,"href":"https:\/\/bandfmcorumba.agoranoar.com.br\/index.php\/wp-json\/wp\/v2\/posts\/11756258\/revisions"}],"wp:featuredmedia":[{"embeddable":true,"href":"https:\/\/bandfmcorumba.agoranoar.com.br\/index.php\/wp-json\/wp\/v2\/media\/11755923"}],"wp:attachment":[{"href":"https:\/\/bandfmcorumba.agoranoar.com.br\/index.php\/wp-json\/wp\/v2\/media?parent=11756258"}],"wp:term":[{"taxonomy":"category","embeddable":true,"href":"https:\/\/bandfmcorumba.agoranoar.com.br\/index.php\/wp-json\/wp\/v2\/categories?post=11756258"},{"taxonomy":"post_tag","embeddable":true,"href":"https:\/\/bandfmcorumba.agoranoar.com.br\/index.php\/wp-json\/wp\/v2\/tags?post=11756258"}],"curies":[{"name":"wp","href":"https:\/\/api.w.org\/{rel}","templated":true}]}}