{"id":11756251,"date":"2026-07-14T08:37:24","date_gmt":"2026-07-14T12:37:24","guid":{"rendered":"https:\/\/grupopantanalms.com.br\/?p=11756251"},"modified":"2026-07-14T08:37:24","modified_gmt":"2026-07-14T12:37:24","slug":"servicos-de-saude-sao-oferecidos-na-ubs-jardim-dos-estados-nesta-terca-feira","status":"publish","type":"post","link":"https:\/\/bandfmcorumba.agoranoar.com.br\/index.php\/2026\/07\/14\/servicos-de-saude-sao-oferecidos-na-ubs-jardim-dos-estados-nesta-terca-feira\/","title":{"rendered":"Servi\u00e7os de sa\u00fade s\u00e3o oferecidos na UBS Jardim dos Estados nesta ter\u00e7a-feira"},"content":{"rendered":"\n<p class=\"wp-block-paragraph\"><img loading=\"lazy\" decoding=\"async\" width=\"26\" height=\"26\" alt=\"Lucas Meirelles\" src=\"https:\/\/folhams.com.br\/wp-content\/uploads\/2026\/02\/lucas-meirelles-150x150.webp\">Por<a href=\"https:\/\/folhams.com.br\/author\/lucas-meirelles\/\">Lucas Meirelles<\/a>14 de julho de 2026<\/p>\n\n\n\n\n\n<p class=\"wp-block-paragraph\">Nesta ter\u00e7a-feira a Unidade B\u00e1sica de Sa\u00fade Jardim dos Estados realiza um atendimento especial que re\u00fane vacina\u00e7\u00e3o com imunizantes do Calend\u00e1rio Nacional testes r\u00e1pidos para HIV s\u00edfilis e hepatites B e C e a coleta do exame preventivo do colo do \u00fatero com o objetivo de ampliar o acesso aos cuidados b\u00e1sicos de sa\u00fade.<\/p>\n\n\n\n<h3 class=\"wp-block-heading\">Atendimento e servi\u00e7os<\/h3>\n\n\n\n<p class=\"wp-block-paragraph\">Al\u00e9m da aplica\u00e7\u00e3o das vacinas previstas no Calend\u00e1rio Nacional a unidade disponibiliza testes r\u00e1pidos para detec\u00e7\u00e3o de HIV s\u00edfilis e hepatites B e C e realiza a coleta do preventivo para o colo do \u00fatero. Ser\u00e3o prestadas orienta\u00e7\u00f5es em sa\u00fade incluindo esclarecimento de d\u00favidas e informa\u00e7\u00f5es sobre cuidados preventivos para a popula\u00e7\u00e3o atendida.<\/p>\n\n\n\n<h3 class=\"wp-block-heading\">Objetivo da a\u00e7\u00e3o<\/h3>\n\n\n\n<p class=\"wp-block-paragraph\">A iniciativa busca ampliar o acesso aos servi\u00e7os de sa\u00fade especialmente para pessoas que n\u00e3o conseguem comparecer durante o hor\u00e1rio comercial e refor\u00e7a a import\u00e2ncia da preven\u00e7\u00e3o do diagn\u00f3stico precoce e do acompanhamento regular da sa\u00fade.<\/p>\n\n\n\n<p class=\"wp-block-paragraph\">A UBS Jardim dos Estados est\u00e1 localizada na rua Marechal Floriano, 3550.<\/p>\n","protected":false},"excerpt":{"rendered":"<p>PorLucas Meirelles14 de julho de 2026 Nesta ter\u00e7a-feira a Unidade B\u00e1sica de Sa\u00fade Jardim dos Estados realiza um atendimento especial que re\u00fane vacina\u00e7\u00e3o com imunizantes do Calend\u00e1rio Nacional testes r\u00e1pidos para HIV s\u00edfilis e hepatites B e C e a coleta do exame preventivo do colo do \u00fatero com o objetivo de ampliar o acesso [&hellip;]<\/p>\n","protected":false},"author":1,"featured_media":11756253,"comment_status":"closed","ping_status":"open","sticky":false,"template":"","format":"standard","meta":{"footnotes":""},"categories":[2,3],"tags":[],"class_list":["post-11756251","post","type-post","status-publish","format-standard","has-post-thumbnail","hentry","category-corumba","category-destaque"],"_links":{"self":[{"href":"https:\/\/bandfmcorumba.agoranoar.com.br\/index.php\/wp-json\/wp\/v2\/posts\/11756251","targetHints":{"allow":["GET"]}}],"collection":[{"href":"https:\/\/bandfmcorumba.agoranoar.com.br\/index.php\/wp-json\/wp\/v2\/posts"}],"about":[{"href":"https:\/\/bandfmcorumba.agoranoar.com.br\/index.php\/wp-json\/wp\/v2\/types\/post"}],"author":[{"embeddable":true,"href":"https:\/\/bandfmcorumba.agoranoar.com.br\/index.php\/wp-json\/wp\/v2\/users\/1"}],"replies":[{"embeddable":true,"href":"https:\/\/bandfmcorumba.agoranoar.com.br\/index.php\/wp-json\/wp\/v2\/comments?post=11756251"}],"version-history":[{"count":0,"href":"https:\/\/bandfmcorumba.agoranoar.com.br\/index.php\/wp-json\/wp\/v2\/posts\/11756251\/revisions"}],"wp:attachment":[{"href":"https:\/\/bandfmcorumba.agoranoar.com.br\/index.php\/wp-json\/wp\/v2\/media?parent=11756251"}],"wp:term":[{"taxonomy":"category","embeddable":true,"href":"https:\/\/bandfmcorumba.agoranoar.com.br\/index.php\/wp-json\/wp\/v2\/categories?post=11756251"},{"taxonomy":"post_tag","embeddable":true,"href":"https:\/\/bandfmcorumba.agoranoar.com.br\/index.php\/wp-json\/wp\/v2\/tags?post=11756251"}],"curies":[{"name":"wp","href":"https:\/\/api.w.org\/{rel}","templated":true}]}}