{"id":11756245,"date":"2026-07-14T08:03:03","date_gmt":"2026-07-14T12:03:03","guid":{"rendered":"https:\/\/grupopantanalms.com.br\/?p=11756245"},"modified":"2026-07-14T08:03:03","modified_gmt":"2026-07-14T12:03:03","slug":"acao-de-imigracao-e-apontada-como-causa-da-morte-de-homem-no-maine","status":"publish","type":"post","link":"https:\/\/bandfmcorumba.agoranoar.com.br\/index.php\/2026\/07\/14\/acao-de-imigracao-e-apontada-como-causa-da-morte-de-homem-no-maine\/","title":{"rendered":"A\u00e7\u00e3o de imigra\u00e7\u00e3o \u00e9 apontada como causa da morte de homem no Maine"},"content":{"rendered":"\n<p class=\"wp-block-paragraph\"><img loading=\"lazy\" decoding=\"async\" width=\"26\" height=\"26\" alt=\"\" src=\"https:\/\/folhams.com.br\/wp-content\/uploads\/2026\/02\/avatar-150x150.jpg\">Por<a href=\"https:\/\/folhams.com.br\/author\/erik-silva\/\">Erik Silva<\/a><\/p>\n\n\n\n\n\n<p class=\"wp-block-paragraph\">Na manh\u00e3 desta segunda-feira (13), um homem foi morto a tiros em Biddeford, no estado do Maine, durante uma a\u00e7\u00e3o do Servi\u00e7o de Imigra\u00e7\u00e3o e Alf\u00e2ndega, ICE, e as circunst\u00e2ncias do confronto est\u00e3o sob investiga\u00e7\u00e3o.<\/p>\n\n\n\n<p class=\"wp-block-paragraph\">A identidade da v\u00edtima n\u00e3o foi confirmada, e a governadora democrata Janet Mills classificou o epis\u00f3dio como um \u201ctiroteio fatal\u201d. Policiais e representantes de \u00f3rg\u00e3os federais e estaduais se deslocaram imediatamente para o local e est\u00e3o apurando a ocorr\u00eancia.<\/p>\n\n\n\n<h3 class=\"wp-block-heading\">Rea\u00e7\u00f5es de autoridades locais e federais<\/h3>\n\n\n\n<p class=\"wp-block-paragraph\">O presidente da C\u00e2mara dos Representantes do Maine, o tamb\u00e9m democrata Ryan Fecteau, afirmou que o caso abalou a comunidade e usou as redes sociais para cobrar esclarecimentos. \u201cEstamos com o cora\u00e7\u00e3o partido por algu\u00e9m ter perdido a vida\u201d \u201cMerecemos respostas sobre por que a for\u00e7a letal foi usada e por que uma opera\u00e7\u00e3o estava sendo realizada em nossas ruas\u201d \u201cparticularmente afetados por essa viol\u00eancia\u201d<\/p>\n\n\n\n<p class=\"wp-block-paragraph\">A senadora republicana Susan Collins pediu uma investiga\u00e7\u00e3o imparcial e informou que o FBI est\u00e1 apurando os fatos, \u201cO tiroteio exige uma investiga\u00e7\u00e3o completa e imparcial do que aconteceu. Pelo que entendo, a pol\u00edcia de Biddeford garantiu a seguran\u00e7a do local e o FBI est\u00e1 investigando\u201d.<\/p>\n\n\n\n<p class=\"wp-block-paragraph\">A deputada eleita por Biddeford, a democrata Chellie Pingree, declarou estar \u201cprofundamente perturbada e indignada\u201d e exigiu apura\u00e7\u00e3o. Em v\u00eddeo posterior, ela refor\u00e7ou a cobran\u00e7a por \u201cuma investiga\u00e7\u00e3o completa e independente\u201d e acrescentou que \u201cAinda h\u00e1 muitas inc\u00f3gnitas, mas deixem-me ser clara: agentes federais de fiscaliza\u00e7\u00e3o de imigra\u00e7\u00e3o n\u00e3o deveriam usar for\u00e7a letal contra ningu\u00e9m em nossas comunidades \u2014 independentemente de seu status migrat\u00f3rio ou das circunst\u00e2ncias que cercam a \u2018atividade de fiscaliza\u00e7\u00e3o direcionada\u2019. Ponto final\u201d<\/p>\n\n\n\n<h3 class=\"wp-block-heading\">Informa\u00e7\u00f5es sobre a v\u00edtima e contexto<\/h3>\n\n\n\n<p class=\"wp-block-paragraph\">Relatos publicados em sites de not\u00edcias locais indicam que o homem era um colombiano de cerca de 25 anos e que seu ve\u00edculo, aparentemente, foi abordado por agentes de imigra\u00e7\u00e3o no momento do epis\u00f3dio.<\/p>\n\n\n\n<p class=\"wp-block-paragraph\">O incidente ocorre menos de uma semana depois da morte de um motorista mexicano, Lorenzo Salgado Araujo, durante uma abordagem de um agente do ICE em Houston, no Texas. A morte da \u00faltima ter\u00e7a-feira (7) j\u00e1 havia reacendido protestos e cr\u00edticas ao uso de for\u00e7a em opera\u00e7\u00f5es de imigra\u00e7\u00e3o, e a ocorr\u00eancia desta segunda-feira provocou uma nova onda de manifesta\u00e7\u00f5es, que segundo o site Portland Press Herald vem crescendo ao longo das \u00faltimas horas.<\/p>\n\n\n\n<p class=\"wp-block-paragraph\">As investiga\u00e7\u00f5es est\u00e3o em andamento, com atua\u00e7\u00e3o conjunta de autoridades locais e federais para esclarecer os fatos e apurar responsabilidades.<\/p>\n","protected":false},"excerpt":{"rendered":"<p>PorErik Silva Na manh\u00e3 desta segunda-feira (13), um homem foi morto a tiros em Biddeford, no estado do Maine, durante uma a\u00e7\u00e3o do Servi\u00e7o de Imigra\u00e7\u00e3o e Alf\u00e2ndega, ICE, e as circunst\u00e2ncias do confronto est\u00e3o sob investiga\u00e7\u00e3o. A identidade da v\u00edtima n\u00e3o foi confirmada, e a governadora democrata Janet Mills classificou o epis\u00f3dio como um [&hellip;]<\/p>\n","protected":false},"author":1,"featured_media":11756246,"comment_status":"closed","ping_status":"open","sticky":false,"template":"","format":"standard","meta":{"footnotes":""},"categories":[6],"tags":[],"class_list":["post-11756245","post","type-post","status-publish","format-standard","has-post-thumbnail","hentry","category-internacional"],"_links":{"self":[{"href":"https:\/\/bandfmcorumba.agoranoar.com.br\/index.php\/wp-json\/wp\/v2\/posts\/11756245","targetHints":{"allow":["GET"]}}],"collection":[{"href":"https:\/\/bandfmcorumba.agoranoar.com.br\/index.php\/wp-json\/wp\/v2\/posts"}],"about":[{"href":"https:\/\/bandfmcorumba.agoranoar.com.br\/index.php\/wp-json\/wp\/v2\/types\/post"}],"author":[{"embeddable":true,"href":"https:\/\/bandfmcorumba.agoranoar.com.br\/index.php\/wp-json\/wp\/v2\/users\/1"}],"replies":[{"embeddable":true,"href":"https:\/\/bandfmcorumba.agoranoar.com.br\/index.php\/wp-json\/wp\/v2\/comments?post=11756245"}],"version-history":[{"count":0,"href":"https:\/\/bandfmcorumba.agoranoar.com.br\/index.php\/wp-json\/wp\/v2\/posts\/11756245\/revisions"}],"wp:attachment":[{"href":"https:\/\/bandfmcorumba.agoranoar.com.br\/index.php\/wp-json\/wp\/v2\/media?parent=11756245"}],"wp:term":[{"taxonomy":"category","embeddable":true,"href":"https:\/\/bandfmcorumba.agoranoar.com.br\/index.php\/wp-json\/wp\/v2\/categories?post=11756245"},{"taxonomy":"post_tag","embeddable":true,"href":"https:\/\/bandfmcorumba.agoranoar.com.br\/index.php\/wp-json\/wp\/v2\/tags?post=11756245"}],"curies":[{"name":"wp","href":"https:\/\/api.w.org\/{rel}","templated":true}]}}