{"id":11756233,"date":"2026-07-13T17:03:12","date_gmt":"2026-07-13T21:03:12","guid":{"rendered":"https:\/\/grupopantanalms.com.br\/?p=11756233"},"modified":"2026-07-13T17:03:12","modified_gmt":"2026-07-13T21:03:12","slug":"brasil-envia-ajuda-humanitaria-a-cuba-e-remete-48-toneladas-de-leite-em-po","status":"publish","type":"post","link":"https:\/\/bandfmcorumba.agoranoar.com.br\/index.php\/2026\/07\/13\/brasil-envia-ajuda-humanitaria-a-cuba-e-remete-48-toneladas-de-leite-em-po\/","title":{"rendered":"Brasil envia ajuda humanit\u00e1ria a Cuba e remete 48 toneladas de leite em p\u00f3"},"content":{"rendered":"\n<p class=\"wp-block-paragraph\"><img loading=\"lazy\" decoding=\"async\" width=\"26\" height=\"26\" alt=\"\" src=\"https:\/\/folhams.com.br\/wp-content\/uploads\/2026\/02\/avatar-150x150.jpg\">Por<a href=\"https:\/\/folhams.com.br\/author\/erik-silva\/\">Erik Silva<\/a>13 de julho de 2026<\/p>\n\n\n\n\n\n<p class=\"wp-block-paragraph\">O governo brasileiro decidiu enviar 48 toneladas de leite em p\u00f3 em a\u00e7\u00e3o humanit\u00e1ria em dire\u00e7\u00e3o a Cuba, em meio ao endurecimento do bloqueio econ\u00f4mico e energ\u00e9tico imposto pelos Estados Unidos.<\/p>\n\n\n\n<p class=\"wp-block-paragraph\">Nesta segunda-feira (16) foram embarcadas 16 toneladas em um voo da For\u00e7a A\u00e9rea Brasileira com destino a Santiago de Cuba e um segundo avi\u00e3o deve decolar de Porto Alegre nesta ter\u00e7a-feira (14) transportando mais 32 toneladas do alimento.<\/p>\n\n\n\n<p class=\"wp-block-paragraph\">O Pal\u00e1cio do Planalto informou, em nota, que o objetivo \u00e9 \u201ccontribuir para o enfrentamento da grave situa\u00e7\u00e3o de desabastecimento vivida pelo pa\u00eds\u201d. A opera\u00e7\u00e3o est\u00e1 sob coordena\u00e7\u00e3o do Minist\u00e9rio das Rela\u00e7\u00f5es Exteriores conforme divulgado pelo governo.<\/p>\n\n\n\n<h3 class=\"wp-block-heading\">Detalhes da opera\u00e7\u00e3o<\/h3>\n\n\n\n<p class=\"wp-block-paragraph\">De acordo com informa\u00e7\u00f5es oficiais, dois avi\u00f5es da For\u00e7a A\u00e9rea Brasileira devem chegar a Cuba na quarta-feira (15). A log\u00edstica envolve partidas em dias e locais distintos, com carga total somando 48 toneladas de leite em p\u00f3.<\/p>\n\n\n\n<p class=\"wp-block-paragraph\">A Secretaria de Comunica\u00e7\u00e3o Social da Presid\u00eancia da Rep\u00fablica registrou que o Brasil j\u00e1 havia realizado uma doa\u00e7\u00e3o humanit\u00e1ria a Cuba em 2025 em resposta aos impactos provocados pelo Furac\u00e3o Melissa. \u201cNovas doa\u00e7\u00f5ess de alimentos e medicamentos est\u00e3o em avalia\u00e7\u00e3o pelo governo brasileiro\u201d informou a Secom em comunicado.<\/p>\n\n\n\n<h3 class=\"wp-block-heading\">Efeitos do bloqueio e contexto<\/h3>\n\n\n\n<p class=\"wp-block-paragraph\">O bloqueio econ\u00f4mico contra Cuba, em vigor por quase 70 anos, foi intensificado pela atual administra\u00e7\u00e3o da Casa Branca no final de 2025 a partir de restri\u00e7\u00f5es navais impostas \u00e0 Venezuela, que at\u00e9 ent\u00e3o era a principal fornecedora de petr\u00f3leo \u00e0 ilha caribenha.<\/p>\n\n\n\n<p class=\"wp-block-paragraph\">Em janeiro de 2026 os Estados Unidos ampliaram as medidas contra Cuba ao amea\u00e7ar com san\u00e7\u00f5es quem vender petr\u00f3leo para a ilha. A nova postura levou Cuba a ficar tr\u00eas meses sem receber petr\u00f3leo conforme relatado por fontes que acompanham o tema.<\/p>\n\n\n\n<p class=\"wp-block-paragraph\">Nas \u00faltimas semanas o Departamento de Estado dos EUA ampliou a press\u00e3o com novas san\u00e7\u00f5es aos setores de turismo, minera\u00e7\u00e3o de ouro e contra a estatal do petr\u00f3leo, conforme divulgado por entidades internacionais que monitoram as medidas.<\/p>\n\n\n\n<p class=\"wp-block-paragraph\">As a\u00e7\u00f5es da Casa Branca t\u00eam contribu\u00eddo para o agravamento de problemas cotidianos na ilha com aumento de apag\u00f5es, eleva\u00e7\u00e3o do pre\u00e7o de produtos b\u00e1sicos, redu\u00e7\u00e3o do transporte p\u00fablico e queda na oferta da cesta b\u00e1sica subsidiada pelo Estado. Moradores de Havana consultados pela Ag\u00eancia Brasil relataram restri\u00e7\u00e3o de servi\u00e7os e dificuldades cotidianas. \u201ceste \u00e9 o pior momento do pa\u00eds\u201d<\/p>\n\n\n\n<p class=\"wp-block-paragraph\">O envio de leite em p\u00f3 pelo Brasil insere-se nesse cen\u00e1rio de escassez e restri\u00e7\u00f5es, e o governo brasileiro avalia novas doa\u00e7\u00f5es de alimentos e medicamentos enquanto acompanha os desdobramentos das san\u00e7\u00f5es e da situa\u00e7\u00e3o humanit\u00e1ria em Cuba.<\/p>\n","protected":false},"excerpt":{"rendered":"<p>PorErik Silva13 de julho de 2026 O governo brasileiro decidiu enviar 48 toneladas de leite em p\u00f3 em a\u00e7\u00e3o humanit\u00e1ria em dire\u00e7\u00e3o a Cuba, em meio ao endurecimento do bloqueio econ\u00f4mico e energ\u00e9tico imposto pelos Estados Unidos. Nesta segunda-feira (16) foram embarcadas 16 toneladas em um voo da For\u00e7a A\u00e9rea Brasileira com destino a Santiago [&hellip;]<\/p>\n","protected":false},"author":1,"featured_media":11756234,"comment_status":"closed","ping_status":"open","sticky":false,"template":"","format":"standard","meta":{"footnotes":""},"categories":[7],"tags":[],"class_list":["post-11756233","post","type-post","status-publish","format-standard","has-post-thumbnail","hentry","category-geral"],"_links":{"self":[{"href":"https:\/\/bandfmcorumba.agoranoar.com.br\/index.php\/wp-json\/wp\/v2\/posts\/11756233","targetHints":{"allow":["GET"]}}],"collection":[{"href":"https:\/\/bandfmcorumba.agoranoar.com.br\/index.php\/wp-json\/wp\/v2\/posts"}],"about":[{"href":"https:\/\/bandfmcorumba.agoranoar.com.br\/index.php\/wp-json\/wp\/v2\/types\/post"}],"author":[{"embeddable":true,"href":"https:\/\/bandfmcorumba.agoranoar.com.br\/index.php\/wp-json\/wp\/v2\/users\/1"}],"replies":[{"embeddable":true,"href":"https:\/\/bandfmcorumba.agoranoar.com.br\/index.php\/wp-json\/wp\/v2\/comments?post=11756233"}],"version-history":[{"count":0,"href":"https:\/\/bandfmcorumba.agoranoar.com.br\/index.php\/wp-json\/wp\/v2\/posts\/11756233\/revisions"}],"wp:attachment":[{"href":"https:\/\/bandfmcorumba.agoranoar.com.br\/index.php\/wp-json\/wp\/v2\/media?parent=11756233"}],"wp:term":[{"taxonomy":"category","embeddable":true,"href":"https:\/\/bandfmcorumba.agoranoar.com.br\/index.php\/wp-json\/wp\/v2\/categories?post=11756233"},{"taxonomy":"post_tag","embeddable":true,"href":"https:\/\/bandfmcorumba.agoranoar.com.br\/index.php\/wp-json\/wp\/v2\/tags?post=11756233"}],"curies":[{"name":"wp","href":"https:\/\/api.w.org\/{rel}","templated":true}]}}