{"id":11756218,"date":"2026-07-13T10:24:42","date_gmt":"2026-07-13T14:24:42","guid":{"rendered":"https:\/\/grupopantanalms.com.br\/?p=11756218"},"modified":"2026-07-13T10:24:42","modified_gmt":"2026-07-13T14:24:42","slug":"casa-do-trabalhador-tem-37-vagas-de-emprego-nesta-segunda-feira-confira","status":"publish","type":"post","link":"https:\/\/bandfmcorumba.agoranoar.com.br\/index.php\/2026\/07\/13\/casa-do-trabalhador-tem-37-vagas-de-emprego-nesta-segunda-feira-confira\/","title":{"rendered":"Casa do Trabalhador tem 37 vagas de emprego nesta segunda-feira; confira"},"content":{"rendered":"\n<p class=\"wp-block-paragraph\"><strong>Ricardo Albertoni<\/strong>&nbsp;em 13 de Julho de 2026<\/p>\n\n\n\n\n\n<p class=\"wp-block-paragraph\">Nesta segunda-feira (13), a Casa do Trabalhador de Corumb\u00e1 tem 37 vagas de emprego. H\u00e1 oportunidades para profissionais com diferentes n\u00edveis de qualifica\u00e7\u00e3o.<\/p>\n\n\n\n<p class=\"wp-block-paragraph\"><strong>Confira as vagas:<\/strong><\/p>\n\n\n\n<p class=\"wp-block-paragraph\">Assistente Cont\u00e1bil \u2014 01 vaga<\/p>\n\n\n\n<p class=\"wp-block-paragraph\">Atendente de Mercado (PcD) \u2014 02 vagas<\/p>\n\n\n\n<p class=\"wp-block-paragraph\">Auxiliar Administrativo \u2014 02 vagas<\/p>\n\n\n\n<p class=\"wp-block-paragraph\">Eletricista de Instala\u00e7\u00f5es \u2014 01 vaga<\/p>\n\n\n\n<p class=\"wp-block-paragraph\">Lubrificador \u2014 01 vaga<\/p>\n\n\n\n<p class=\"wp-block-paragraph\">Motorista de Basculante \u2014 15 vagas<\/p>\n\n\n\n<p class=\"wp-block-paragraph\">Operador de M\u00e1quinas e Equipamentos \u2014 02 vagas<\/p>\n\n\n\n<p class=\"wp-block-paragraph\">Recepcionista \u2014 01 vaga<\/p>\n\n\n\n<p class=\"wp-block-paragraph\">Repositor de Mercadorias \u2014 01 vaga<\/p>\n\n\n\n<p class=\"wp-block-paragraph\">T\u00e9cnico Analista de Processo de Produ\u00e7\u00e3o \u2014 01 vaga<\/p>\n\n\n\n<p class=\"wp-block-paragraph\">T\u00e9cnico de Opera\u00e7\u00e3o Eletrot\u00e9cnica \u2014 01 vaga<\/p>\n\n\n\n<p class=\"wp-block-paragraph\">T\u00e9cnico em Agropecu\u00e1ria \u2014 01 vaga<\/p>\n\n\n\n<p class=\"wp-block-paragraph\">T\u00e9cnico em Eletromec\u00e2nica \u2014 01 vaga<\/p>\n\n\n\n<p class=\"wp-block-paragraph\">T\u00e9cnico em Instrumenta\u00e7\u00e3o Industrial \u2014 01 vaga<\/p>\n\n\n\n<p class=\"wp-block-paragraph\">Trabalhador Rural \u2014 03 vagas<\/p>\n\n\n\n<p class=\"wp-block-paragraph\">Vendedor \u2014 03 vagas<\/p>\n\n\n\n<p class=\"wp-block-paragraph\"><strong>Total \u2013 37<\/strong><\/p>\n\n\n\n<p class=\"wp-block-paragraph\">Os interessados devem comparecer presencialmente \u00e0 Casa do Trabalhador, munidos de Carteira de Trabalho (Digital ou F\u00edsica) e documento pessoal com foto.<\/p>\n\n\n\n<p class=\"wp-block-paragraph\">Endere\u00e7o: rua XV de Novembro, n\u00ba 32 \u2013 1\u00ba andar, pr\u00e9dio da Agenfa (Ag\u00eancia Fazend\u00e1ria). Atendimento: das 7h30 \u00e0s 11h30 e das 13h \u00e0s 17h.<\/p>\n","protected":false},"excerpt":{"rendered":"<p>Ricardo Albertoni&nbsp;em 13 de Julho de 2026 Nesta segunda-feira (13), a Casa do Trabalhador de Corumb\u00e1 tem 37 vagas de emprego. H\u00e1 oportunidades para profissionais com diferentes n\u00edveis de qualifica\u00e7\u00e3o. Confira as vagas: Assistente Cont\u00e1bil \u2014 01 vaga Atendente de Mercado (PcD) \u2014 02 vagas Auxiliar Administrativo \u2014 02 vagas Eletricista de Instala\u00e7\u00f5es \u2014 01 [&hellip;]<\/p>\n","protected":false},"author":1,"featured_media":11756219,"comment_status":"closed","ping_status":"open","sticky":false,"template":"","format":"standard","meta":{"footnotes":""},"categories":[2],"tags":[],"class_list":["post-11756218","post","type-post","status-publish","format-standard","has-post-thumbnail","hentry","category-corumba"],"_links":{"self":[{"href":"https:\/\/bandfmcorumba.agoranoar.com.br\/index.php\/wp-json\/wp\/v2\/posts\/11756218","targetHints":{"allow":["GET"]}}],"collection":[{"href":"https:\/\/bandfmcorumba.agoranoar.com.br\/index.php\/wp-json\/wp\/v2\/posts"}],"about":[{"href":"https:\/\/bandfmcorumba.agoranoar.com.br\/index.php\/wp-json\/wp\/v2\/types\/post"}],"author":[{"embeddable":true,"href":"https:\/\/bandfmcorumba.agoranoar.com.br\/index.php\/wp-json\/wp\/v2\/users\/1"}],"replies":[{"embeddable":true,"href":"https:\/\/bandfmcorumba.agoranoar.com.br\/index.php\/wp-json\/wp\/v2\/comments?post=11756218"}],"version-history":[{"count":0,"href":"https:\/\/bandfmcorumba.agoranoar.com.br\/index.php\/wp-json\/wp\/v2\/posts\/11756218\/revisions"}],"wp:featuredmedia":[{"embeddable":true,"href":"https:\/\/bandfmcorumba.agoranoar.com.br\/index.php\/wp-json\/wp\/v2\/media\/11756219"}],"wp:attachment":[{"href":"https:\/\/bandfmcorumba.agoranoar.com.br\/index.php\/wp-json\/wp\/v2\/media?parent=11756218"}],"wp:term":[{"taxonomy":"category","embeddable":true,"href":"https:\/\/bandfmcorumba.agoranoar.com.br\/index.php\/wp-json\/wp\/v2\/categories?post=11756218"},{"taxonomy":"post_tag","embeddable":true,"href":"https:\/\/bandfmcorumba.agoranoar.com.br\/index.php\/wp-json\/wp\/v2\/tags?post=11756218"}],"curies":[{"name":"wp","href":"https:\/\/api.w.org\/{rel}","templated":true}]}}