{"id":11756215,"date":"2026-07-13T09:58:18","date_gmt":"2026-07-13T13:58:18","guid":{"rendered":"https:\/\/grupopantanalms.com.br\/?p=11756215"},"modified":"2026-07-13T09:58:18","modified_gmt":"2026-07-13T13:58:18","slug":"bombeiros-resgatam-cavalo-atolado-em-vala-perto-de-escola-em-corumba","status":"publish","type":"post","link":"https:\/\/bandfmcorumba.agoranoar.com.br\/index.php\/2026\/07\/13\/bombeiros-resgatam-cavalo-atolado-em-vala-perto-de-escola-em-corumba\/","title":{"rendered":"Bombeiros resgatam cavalo atolado em vala perto de escola em Corumb\u00e1"},"content":{"rendered":"\n<p class=\"wp-block-paragraph\"><strong>Rosana Nunes<\/strong>&nbsp;em 13 de Julho de 2026<\/p>\n\n\n\n<p class=\"wp-block-paragraph\">Divulga\u00e7\u00e3o\/Corpo de Bombeiros Militar<\/p>\n\n\n\n\n\n<p class=\"wp-block-paragraph\">Um cavalo foi resgatado pelo Corpo de Bombeiros na tarde de domingo (12), ap\u00f3s passar v\u00e1rias horas preso em uma vala alagada na Rua Geraldino Martins de Barros, ao lado da linha f\u00e9rrea, nas proximidades da Escola&nbsp;Bar\u00e3o&nbsp;do Rio Branco, em Corumb\u00e1<\/p>\n\n\n\n<p class=\"wp-block-paragraph\">A equipe de salvamento do 3\u00ba Grupamento de Bombeiros Militar foi acionada por volta das 14h. No local, os militares encontraram o animal atolado. De acordo com informa\u00e7\u00f5es repassadas aos bombeiros, o cavalo estava na vala desde a manh\u00e3 e j\u00e1 demonstrava sinais de desgaste f\u00edsico devido ao tempo em que permaneceu preso.<\/p>\n\n\n\n<p class=\"wp-block-paragraph\">Para retirar o animal, a guarni\u00e7\u00e3o utilizou t\u00e9cnicas espec\u00edficas de salvamento de grandes animais, empregando equipamentos de amarra\u00e7\u00e3o e tra\u00e7\u00e3o para realizar o resgate de forma controlada, evitando ferimentos durante a opera\u00e7\u00e3o.<\/p>\n\n\n\n<p class=\"wp-block-paragraph\">Ap\u00f3s ser retirado da vala, o cavalo passou por uma avalia\u00e7\u00e3o inicial, que n\u00e3o identificou les\u00f5es aparentes. Em seguida, o propriet\u00e1rio compareceu ao local e ficou respons\u00e1vel pelos cuidados com o animal.<\/p>\n\n\n\n<p class=\"wp-block-paragraph\">A Central de Opera\u00e7\u00e3o do Corpo de Bombeiros Militar orienta que, em casos semelhantes envolvendo animais de grande porte, a popula\u00e7\u00e3o n\u00e3o tente realizar o resgate por conta pr\u00f3pria. A recomenda\u00e7\u00e3o \u00e9 acionar a corpora\u00e7\u00e3o pelo telefone&nbsp;<strong>193<\/strong>, para que a ocorr\u00eancia seja atendida com seguran\u00e7a.<\/p>\n\n\n\n<p class=\"wp-block-paragraph\">R<\/p>\n","protected":false},"excerpt":{"rendered":"<p>Rosana Nunes&nbsp;em 13 de Julho de 2026 Divulga\u00e7\u00e3o\/Corpo de Bombeiros Militar Um cavalo foi resgatado pelo Corpo de Bombeiros na tarde de domingo (12), ap\u00f3s passar v\u00e1rias horas preso em uma vala alagada na Rua Geraldino Martins de Barros, ao lado da linha f\u00e9rrea, nas proximidades da Escola&nbsp;Bar\u00e3o&nbsp;do Rio Branco, em Corumb\u00e1 A equipe de [&hellip;]<\/p>\n","protected":false},"author":1,"featured_media":11756216,"comment_status":"closed","ping_status":"open","sticky":false,"template":"","format":"standard","meta":{"footnotes":""},"categories":[2],"tags":[],"class_list":["post-11756215","post","type-post","status-publish","format-standard","has-post-thumbnail","hentry","category-corumba"],"_links":{"self":[{"href":"https:\/\/bandfmcorumba.agoranoar.com.br\/index.php\/wp-json\/wp\/v2\/posts\/11756215","targetHints":{"allow":["GET"]}}],"collection":[{"href":"https:\/\/bandfmcorumba.agoranoar.com.br\/index.php\/wp-json\/wp\/v2\/posts"}],"about":[{"href":"https:\/\/bandfmcorumba.agoranoar.com.br\/index.php\/wp-json\/wp\/v2\/types\/post"}],"author":[{"embeddable":true,"href":"https:\/\/bandfmcorumba.agoranoar.com.br\/index.php\/wp-json\/wp\/v2\/users\/1"}],"replies":[{"embeddable":true,"href":"https:\/\/bandfmcorumba.agoranoar.com.br\/index.php\/wp-json\/wp\/v2\/comments?post=11756215"}],"version-history":[{"count":0,"href":"https:\/\/bandfmcorumba.agoranoar.com.br\/index.php\/wp-json\/wp\/v2\/posts\/11756215\/revisions"}],"wp:featuredmedia":[{"embeddable":true,"href":"https:\/\/bandfmcorumba.agoranoar.com.br\/index.php\/wp-json\/wp\/v2\/media\/11756216"}],"wp:attachment":[{"href":"https:\/\/bandfmcorumba.agoranoar.com.br\/index.php\/wp-json\/wp\/v2\/media?parent=11756215"}],"wp:term":[{"taxonomy":"category","embeddable":true,"href":"https:\/\/bandfmcorumba.agoranoar.com.br\/index.php\/wp-json\/wp\/v2\/categories?post=11756215"},{"taxonomy":"post_tag","embeddable":true,"href":"https:\/\/bandfmcorumba.agoranoar.com.br\/index.php\/wp-json\/wp\/v2\/tags?post=11756215"}],"curies":[{"name":"wp","href":"https:\/\/api.w.org\/{rel}","templated":true}]}}