{"id":11756206,"date":"2026-07-13T08:05:42","date_gmt":"2026-07-13T12:05:42","guid":{"rendered":"https:\/\/grupopantanalms.com.br\/?p=11756206"},"modified":"2026-07-13T08:05:42","modified_gmt":"2026-07-13T12:05:42","slug":"brasileiro-acusado-de-matar-policial-federal-e-entregue-a-pf-apos-captura-na-bolivia","status":"publish","type":"post","link":"https:\/\/bandfmcorumba.agoranoar.com.br\/index.php\/2026\/07\/13\/brasileiro-acusado-de-matar-policial-federal-e-entregue-a-pf-apos-captura-na-bolivia\/","title":{"rendered":"Brasileiro acusado de matar policial federal \u00e9 entregue \u00e0 PF ap\u00f3s captura na Bol\u00edvia"},"content":{"rendered":"\n<p class=\"wp-block-paragraph\"><img loading=\"lazy\" decoding=\"async\" width=\"26\" height=\"26\" alt=\"\" src=\"https:\/\/folhams.com.br\/wp-content\/uploads\/2026\/02\/avatar-150x150.jpg\">Por<a href=\"https:\/\/folhams.com.br\/author\/erik-silva\/\">Erik Silva<\/a><\/p>\n\n\n\n\n\n<p class=\"wp-block-paragraph\">Um brasileiro apontado pela Justi\u00e7a como autor do assassinato de um policial federal e tamb\u00e9m investigado por roubo foi entregue \u00e0 Pol\u00edcia Federal ap\u00f3s ser capturado na Bol\u00edvia. A a\u00e7\u00e3o ocorreu em Santa Cruz e contou com atua\u00e7\u00e3o conjunta da For\u00e7a Especial de Combate ao Narcotr\u00e1fico (FELCN) e da PF.<\/p>\n\n\n\n<p class=\"wp-block-paragraph\">Al\u00e9m de Fabr\u00edcio Salvador da Silva, as autoridades bolivianas tamb\u00e9m entregaram Jean Pablo Padilha Costa, investigado por suposto crime de estelionato. Os dois foram conduzidos at\u00e9 o posto de fronteira de Puerto Quijarro, onde passaram oficialmente para a cust\u00f3dia da Pol\u00edcia Federal brasileira.<\/p>\n\n\n\n<p class=\"wp-block-paragraph\">Segundo a FELCN, a entrega foi realizada em cumprimento a uma determina\u00e7\u00e3o de sa\u00edda obrigat\u00f3ria, com apoio da Dire\u00e7\u00e3o-Geral de Migra\u00e7\u00e3o da Bol\u00edvia. A transfer\u00eancia ocorreu dentro dos mecanismos de coopera\u00e7\u00e3o internacional e dos protocolos firmados entre os governos dos dois pa\u00edses.<\/p>\n\n\n\n<p class=\"wp-block-paragraph\">As autoridades bolivianas informaram que a opera\u00e7\u00e3o foi realizada na cidade de Santa Cruz e teve coordena\u00e7\u00e3o direta com a Pol\u00edcia Federal do Brasil para localiza\u00e7\u00e3o, captura e posterior entrega dos investigados.<\/p>\n\n\n\n<h2 class=\"wp-block-heading\"><strong>Coopera\u00e7\u00e3o entre os pa\u00edses<\/strong><\/h2>\n\n\n\n<p class=\"wp-block-paragraph\">Em comunicado oficial, a FELCN afirmou que a opera\u00e7\u00e3o refor\u00e7a o compromisso da Bol\u00edvia com a coopera\u00e7\u00e3o internacional no combate ao crime e destacou que o pa\u00eds n\u00e3o permitir\u00e1 que pessoas procuradas pela Justi\u00e7a utilizem seu territ\u00f3rio como ref\u00fagio para evitar responsabiliza\u00e7\u00e3o perante as autoridades competentes.<\/p>\n\n\n\n<p class=\"wp-block-paragraph\">Com a entrega dos dois brasileiros, a Pol\u00edcia Federal assumiu a cust\u00f3dia dos investigados para ado\u00e7\u00e3o das medidas previstas pela Justi\u00e7a brasileira.<\/p>\n","protected":false},"excerpt":{"rendered":"<p>PorErik Silva Um brasileiro apontado pela Justi\u00e7a como autor do assassinato de um policial federal e tamb\u00e9m investigado por roubo foi entregue \u00e0 Pol\u00edcia Federal ap\u00f3s ser capturado na Bol\u00edvia. A a\u00e7\u00e3o ocorreu em Santa Cruz e contou com atua\u00e7\u00e3o conjunta da For\u00e7a Especial de Combate ao Narcotr\u00e1fico (FELCN) e da PF. Al\u00e9m de Fabr\u00edcio [&hellip;]<\/p>\n","protected":false},"author":1,"featured_media":11756207,"comment_status":"closed","ping_status":"open","sticky":false,"template":"","format":"standard","meta":{"footnotes":""},"categories":[2,3],"tags":[],"class_list":["post-11756206","post","type-post","status-publish","format-standard","has-post-thumbnail","hentry","category-corumba","category-destaque"],"_links":{"self":[{"href":"https:\/\/bandfmcorumba.agoranoar.com.br\/index.php\/wp-json\/wp\/v2\/posts\/11756206","targetHints":{"allow":["GET"]}}],"collection":[{"href":"https:\/\/bandfmcorumba.agoranoar.com.br\/index.php\/wp-json\/wp\/v2\/posts"}],"about":[{"href":"https:\/\/bandfmcorumba.agoranoar.com.br\/index.php\/wp-json\/wp\/v2\/types\/post"}],"author":[{"embeddable":true,"href":"https:\/\/bandfmcorumba.agoranoar.com.br\/index.php\/wp-json\/wp\/v2\/users\/1"}],"replies":[{"embeddable":true,"href":"https:\/\/bandfmcorumba.agoranoar.com.br\/index.php\/wp-json\/wp\/v2\/comments?post=11756206"}],"version-history":[{"count":0,"href":"https:\/\/bandfmcorumba.agoranoar.com.br\/index.php\/wp-json\/wp\/v2\/posts\/11756206\/revisions"}],"wp:featuredmedia":[{"embeddable":true,"href":"https:\/\/bandfmcorumba.agoranoar.com.br\/index.php\/wp-json\/wp\/v2\/media\/11756207"}],"wp:attachment":[{"href":"https:\/\/bandfmcorumba.agoranoar.com.br\/index.php\/wp-json\/wp\/v2\/media?parent=11756206"}],"wp:term":[{"taxonomy":"category","embeddable":true,"href":"https:\/\/bandfmcorumba.agoranoar.com.br\/index.php\/wp-json\/wp\/v2\/categories?post=11756206"},{"taxonomy":"post_tag","embeddable":true,"href":"https:\/\/bandfmcorumba.agoranoar.com.br\/index.php\/wp-json\/wp\/v2\/tags?post=11756206"}],"curies":[{"name":"wp","href":"https:\/\/api.w.org\/{rel}","templated":true}]}}