{"id":11756202,"date":"2026-07-13T08:04:18","date_gmt":"2026-07-13T12:04:18","guid":{"rendered":"https:\/\/grupopantanalms.com.br\/?p=11756202"},"modified":"2026-07-13T08:04:18","modified_gmt":"2026-07-13T12:04:18","slug":"homem-morre-em-confronto-com-o-batalhao-de-choque-em-caarapo","status":"publish","type":"post","link":"https:\/\/bandfmcorumba.agoranoar.com.br\/index.php\/2026\/07\/13\/homem-morre-em-confronto-com-o-batalhao-de-choque-em-caarapo\/","title":{"rendered":"Homem morre em confronto com o Batalh\u00e3o de Choque em Caarap\u00f3"},"content":{"rendered":"\n<p class=\"wp-block-paragraph\"><img loading=\"lazy\" decoding=\"async\" width=\"26\" height=\"26\" alt=\"\" src=\"https:\/\/folhams.com.br\/wp-content\/uploads\/2026\/02\/avatar-150x150.jpg\">Por<a href=\"https:\/\/folhams.com.br\/author\/erik-silva\/\">Erik Silva<\/a><\/p>\n\n\n\n\n\n<h2 class=\"wp-block-heading\">Gabriel Henrique da Silva Claro Benites, de 21 anos, foi baleado durante abordagem policial no Bairro Capit\u00e3o Vig\u00e1rio<\/h2>\n\n\n\n<p class=\"wp-block-paragraph\">Gabriel Henrique da Silva Claro Benites, de 21 anos, morreu no s\u00e1bado-feira (11) ap\u00f3s um confronto com policiais do&nbsp;<a href=\"https:\/\/folhams.com.br\/2026\/07\/06\/suspeito-armado-e-morto-pelo-choque-em-corumba-e-sobe-para-cinco-o-total-em-seis-dias\/\" target=\"_blank\" rel=\"noreferrer noopener\">Batalh\u00e3o de Choque<\/a>, em Caarap\u00f3. A troca de tiros ocorreu por volta das 17h30, na Rua Euclides da Cunha, no Bairro Capit\u00e3o Vig\u00e1rio, durante a Opera\u00e7\u00e3o Protetor.<\/p>\n\n\n\n<p class=\"wp-block-paragraph\">O jovem foi levado ao Hospital Beneficente S\u00e3o Mateus, mas chegou \u00e0 unidade sem sinais vitais. Ele sofreu disparos no peito, no abd\u00f4men e nas costas, enquanto nenhum policial ficou ferido, conforme informou a Pol\u00edcia Militar.<\/p>\n\n\n\n<p class=\"wp-block-paragraph\">Segundo a PM, a equipe tentou abordar Gabriel, que n\u00e3o cumpriu a ordem de parada e atirou contra os agentes. Os policiais responderam aos disparos durante a a\u00e7\u00e3o.<\/p>\n\n\n\n<p class=\"wp-block-paragraph\">Com o jovem, os militares apreenderam uma pistola Canik calibre 9 mil\u00edmetros, dois carregadores, oito muni\u00e7\u00f5es intactas e uma muni\u00e7\u00e3o deflagrada. A pol\u00edcia estimou o valor do armamento em cerca de R$ 11 mil.<\/p>\n\n\n\n<p class=\"wp-block-paragraph\">A ocorr\u00eancia foi registrada, em tese, por desobedi\u00eancia, resist\u00eancia, porte ilegal de arma de fogo de uso restrito, tentativa de homic\u00eddio, integra\u00e7\u00e3o de organiza\u00e7\u00e3o criminosa e homic\u00eddio decorrente de oposi\u00e7\u00e3o \u00e0 interven\u00e7\u00e3o de agente do Estado. Essa \u00faltima classifica\u00e7\u00e3o \u00e9 aplicada quando h\u00e1 morte em confronto com for\u00e7as de seguran\u00e7a.<\/p>\n\n\n\n<p class=\"wp-block-paragraph\">Foi a segunda morte em a\u00e7\u00e3o do Batalh\u00e3o de Choque em Caarap\u00f3 em cerca de 30 horas. Na sexta-feira (10), Irineu Aguajo Lescano, de 43 anos, conhecido como Lescano, tamb\u00e9m morreu durante uma opera\u00e7\u00e3o da unidade no munic\u00edpio, localizado a 274 quil\u00f4metros de Campo Grande.<\/p>\n\n\n\n<p class=\"wp-block-paragraph\">Com o caso, Mato Grosso do Sul soma&nbsp;<a href=\"https:\/\/folhams.com.br\/2026\/07\/09\/ms-76-mortes-intervencao-policial-2026\/\" target=\"_blank\" rel=\"noreferrer noopener\">79 mortes decorrentes de interven\u00e7\u00e3o policial em 2026<\/a>.<\/p>\n","protected":false},"excerpt":{"rendered":"<p>PorErik Silva Gabriel Henrique da Silva Claro Benites, de 21 anos, foi baleado durante abordagem policial no Bairro Capit\u00e3o Vig\u00e1rio Gabriel Henrique da Silva Claro Benites, de 21 anos, morreu no s\u00e1bado-feira (11) ap\u00f3s um confronto com policiais do&nbsp;Batalh\u00e3o de Choque, em Caarap\u00f3. A troca de tiros ocorreu por volta das 17h30, na Rua Euclides [&hellip;]<\/p>\n","protected":false},"author":1,"featured_media":11756203,"comment_status":"closed","ping_status":"open","sticky":false,"template":"","format":"standard","meta":{"footnotes":""},"categories":[5],"tags":[],"class_list":["post-11756202","post","type-post","status-publish","format-standard","has-post-thumbnail","hentry","category-policia"],"_links":{"self":[{"href":"https:\/\/bandfmcorumba.agoranoar.com.br\/index.php\/wp-json\/wp\/v2\/posts\/11756202","targetHints":{"allow":["GET"]}}],"collection":[{"href":"https:\/\/bandfmcorumba.agoranoar.com.br\/index.php\/wp-json\/wp\/v2\/posts"}],"about":[{"href":"https:\/\/bandfmcorumba.agoranoar.com.br\/index.php\/wp-json\/wp\/v2\/types\/post"}],"author":[{"embeddable":true,"href":"https:\/\/bandfmcorumba.agoranoar.com.br\/index.php\/wp-json\/wp\/v2\/users\/1"}],"replies":[{"embeddable":true,"href":"https:\/\/bandfmcorumba.agoranoar.com.br\/index.php\/wp-json\/wp\/v2\/comments?post=11756202"}],"version-history":[{"count":0,"href":"https:\/\/bandfmcorumba.agoranoar.com.br\/index.php\/wp-json\/wp\/v2\/posts\/11756202\/revisions"}],"wp:featuredmedia":[{"embeddable":true,"href":"https:\/\/bandfmcorumba.agoranoar.com.br\/index.php\/wp-json\/wp\/v2\/media\/11756203"}],"wp:attachment":[{"href":"https:\/\/bandfmcorumba.agoranoar.com.br\/index.php\/wp-json\/wp\/v2\/media?parent=11756202"}],"wp:term":[{"taxonomy":"category","embeddable":true,"href":"https:\/\/bandfmcorumba.agoranoar.com.br\/index.php\/wp-json\/wp\/v2\/categories?post=11756202"},{"taxonomy":"post_tag","embeddable":true,"href":"https:\/\/bandfmcorumba.agoranoar.com.br\/index.php\/wp-json\/wp\/v2\/tags?post=11756202"}],"curies":[{"name":"wp","href":"https:\/\/api.w.org\/{rel}","templated":true}]}}