{"id":11756199,"date":"2026-07-13T08:01:04","date_gmt":"2026-07-13T12:01:04","guid":{"rendered":"https:\/\/grupopantanalms.com.br\/?p=11756199"},"modified":"2026-07-13T08:01:04","modified_gmt":"2026-07-13T12:01:04","slug":"inmet-alerta-para-queda-de-ate-5c-em-mato-grosso-do-sul-por-mudanca-brusca-no-tempo","status":"publish","type":"post","link":"https:\/\/bandfmcorumba.agoranoar.com.br\/index.php\/2026\/07\/13\/inmet-alerta-para-queda-de-ate-5c-em-mato-grosso-do-sul-por-mudanca-brusca-no-tempo\/","title":{"rendered":"Inmet alerta para queda de at\u00e9 5\u00b0C em Mato Grosso do Sul por mudan\u00e7a brusca no tempo"},"content":{"rendered":"\n<p class=\"wp-block-paragraph\"><img loading=\"lazy\" decoding=\"async\" width=\"26\" height=\"26\" alt=\"\" src=\"https:\/\/folhams.com.br\/wp-content\/uploads\/2026\/02\/avatar-150x150.jpg\">Por<a href=\"https:\/\/folhams.com.br\/author\/erik-silva\/\">Erik Silva<\/a><\/p>\n\n\n\n\n\n<h2 class=\"wp-block-heading\">Frente fria reduz temperaturas entre nesta segunda-feira e mant\u00e9m alerta de tempestade em grande parte do estado<\/h2>\n\n\n\n<p class=\"wp-block-paragraph\">O Instituto Nacional de Meteorologia emitiu alerta para decl\u00ednio de temperatura entre 3\u00b0C e 5\u00b0C em Mato Grosso do Sul, v\u00e1lido das 9h de domingo (12) at\u00e9 as 9h de segunda-feira (13). Classificado como perigo potencial, o aviso aponta leve risco \u00e0 sa\u00fade diante da mudan\u00e7a brusca no tempo.<\/p>\n\n\n\n<p class=\"wp-block-paragraph\">A redu\u00e7\u00e3o deve ser mais percebida entre a noite de domingo e o amanhecer de segunda-feira, ap\u00f3s a&nbsp;<a href=\"https:\/\/folhams.com.br\/2026\/07\/11\/frente-fria-chega-a-mato-grosso-do-sul-e-provoca-chuva-temporais-e-queda-de-temperatura\/\" target=\"_blank\" rel=\"noreferrer noopener\">passagem de uma frente fria<\/a>&nbsp;associada a chuvas e tempestades em v\u00e1rias cidades do estado. Embora n\u00e3o haja previs\u00e3o de frio intenso, crian\u00e7as, idosos e pessoas com problemas respirat\u00f3rios exigem aten\u00e7\u00e3o devido ao desconforto t\u00e9rmico.<\/p>\n\n\n\n<h3 class=\"wp-block-heading\">Chuva encerra estiagem em Campo Grande<\/h3>\n\n\n\n<p class=\"wp-block-paragraph\">Em Campo Grande, a chuva registrada entre a noite de s\u00e1bado (11) e a madrugada de domingo encerrou 18 dias de estiagem. O alerta de queda nas temperaturas se soma ao aviso de tempestade que continua em vigor.<\/p>\n\n\n\n<p class=\"wp-block-paragraph\">H\u00e1 possibilidade de chuva intensa, rajadas de vento e queda isolada de granizo nas \u00e1reas sob aviso. O Inmet recomenda que a popula\u00e7\u00e3o acompanhe as atualiza\u00e7\u00f5es meteorol\u00f3gicas e se prepare para&nbsp;<a href=\"https:\/\/folhams.com.br\/2026\/06\/30\/nova-onda-de-frio-derruba-temperaturas-em-mato-grosso-do-sul-no-fim-de-semana\/\" target=\"_blank\" rel=\"noreferrer noopener\">temperaturas mais amenas<\/a>&nbsp;no come\u00e7o da semana em praticamente todo o estado.<\/p>\n","protected":false},"excerpt":{"rendered":"<p>PorErik Silva Frente fria reduz temperaturas entre nesta segunda-feira e mant\u00e9m alerta de tempestade em grande parte do estado O Instituto Nacional de Meteorologia emitiu alerta para decl\u00ednio de temperatura entre 3\u00b0C e 5\u00b0C em Mato Grosso do Sul, v\u00e1lido das 9h de domingo (12) at\u00e9 as 9h de segunda-feira (13). Classificado como perigo potencial, [&hellip;]<\/p>\n","protected":false},"author":1,"featured_media":11756200,"comment_status":"closed","ping_status":"open","sticky":false,"template":"","format":"standard","meta":{"footnotes":""},"categories":[2],"tags":[],"class_list":["post-11756199","post","type-post","status-publish","format-standard","has-post-thumbnail","hentry","category-corumba"],"_links":{"self":[{"href":"https:\/\/bandfmcorumba.agoranoar.com.br\/index.php\/wp-json\/wp\/v2\/posts\/11756199","targetHints":{"allow":["GET"]}}],"collection":[{"href":"https:\/\/bandfmcorumba.agoranoar.com.br\/index.php\/wp-json\/wp\/v2\/posts"}],"about":[{"href":"https:\/\/bandfmcorumba.agoranoar.com.br\/index.php\/wp-json\/wp\/v2\/types\/post"}],"author":[{"embeddable":true,"href":"https:\/\/bandfmcorumba.agoranoar.com.br\/index.php\/wp-json\/wp\/v2\/users\/1"}],"replies":[{"embeddable":true,"href":"https:\/\/bandfmcorumba.agoranoar.com.br\/index.php\/wp-json\/wp\/v2\/comments?post=11756199"}],"version-history":[{"count":0,"href":"https:\/\/bandfmcorumba.agoranoar.com.br\/index.php\/wp-json\/wp\/v2\/posts\/11756199\/revisions"}],"wp:featuredmedia":[{"embeddable":true,"href":"https:\/\/bandfmcorumba.agoranoar.com.br\/index.php\/wp-json\/wp\/v2\/media\/11756200"}],"wp:attachment":[{"href":"https:\/\/bandfmcorumba.agoranoar.com.br\/index.php\/wp-json\/wp\/v2\/media?parent=11756199"}],"wp:term":[{"taxonomy":"category","embeddable":true,"href":"https:\/\/bandfmcorumba.agoranoar.com.br\/index.php\/wp-json\/wp\/v2\/categories?post=11756199"},{"taxonomy":"post_tag","embeddable":true,"href":"https:\/\/bandfmcorumba.agoranoar.com.br\/index.php\/wp-json\/wp\/v2\/tags?post=11756199"}],"curies":[{"name":"wp","href":"https:\/\/api.w.org\/{rel}","templated":true}]}}