{"id":11756196,"date":"2026-07-13T07:59:43","date_gmt":"2026-07-13T11:59:43","guid":{"rendered":"https:\/\/grupopantanalms.com.br\/?p=11756196"},"modified":"2026-07-13T07:59:43","modified_gmt":"2026-07-13T11:59:43","slug":"empresas-locais-perdem-espaco-com-avanco-da-mineracao-e-prefeitura-aponta-impacto-na-economia-de-corumba","status":"publish","type":"post","link":"https:\/\/bandfmcorumba.agoranoar.com.br\/index.php\/2026\/07\/13\/empresas-locais-perdem-espaco-com-avanco-da-mineracao-e-prefeitura-aponta-impacto-na-economia-de-corumba\/","title":{"rendered":"Empresas locais perdem espa\u00e7o com avan\u00e7o da minera\u00e7\u00e3o e Prefeitura aponta impacto na economia de Corumb\u00e1"},"content":{"rendered":"\n<p class=\"wp-block-paragraph\"><img loading=\"lazy\" decoding=\"async\" width=\"26\" height=\"26\" alt=\"\" src=\"https:\/\/folhams.com.br\/wp-content\/uploads\/2026\/02\/avatar-150x150.jpg\">Por<a href=\"https:\/\/folhams.com.br\/author\/erik-silva\/\">Erik Silva<\/a>13 de julho de 2026<\/p>\n\n\n\n\n\n<p class=\"wp-block-paragraph\">O crescimento da minera\u00e7\u00e3o em Corumb\u00e1 n\u00e3o alterou apenas o volume de min\u00e9rio extra\u00eddo. Segundo a Prefeitura, a forma como as opera\u00e7\u00f5es passaram a ser executadas tamb\u00e9m modificou a economia local. A administra\u00e7\u00e3o municipal afirma que a internaliza\u00e7\u00e3o de servi\u00e7os pelas mineradoras diminuiu a participa\u00e7\u00e3o de empresas da cidade na cadeia produtiva e reduziu a circula\u00e7\u00e3o de recursos no com\u00e9rcio e na presta\u00e7\u00e3o de servi\u00e7os.<\/p>\n\n\n\n<p class=\"wp-block-paragraph\">A avalia\u00e7\u00e3o foi encaminhada em resposta oficial ao&nbsp;<strong>Folha MS<\/strong>. Conforme o munic\u00edpio, atividades que antes eram contratadas de empresas locais passaram, gradativamente, a ser realizadas diretamente pelas mineradoras, afetando segmentos como alimenta\u00e7\u00e3o industrial, manuten\u00e7\u00e3o mec\u00e2nica, transporte, loca\u00e7\u00e3o de equipamentos, limpeza e outros servi\u00e7os especializados.<\/p>\n\n\n\n<figure class=\"wp-block-image\"><img decoding=\"async\" src=\"https:\/\/folhams.com.br\/wp-content\/uploads\/2020\/04\/comercio_corumba-1024x576.jpg\" alt=\"comercio corumba\" class=\"wp-image-11457\" title=\"Empresas locais perdem espa\u00e7o com avan\u00e7o da minera\u00e7\u00e3o e Prefeitura aponta impacto na economia de Corumb\u00e1 2\" \/><\/figure>\n\n\n\n<p class=\"wp-block-paragraph\">Na pr\u00e1tica, segundo a Prefeitura, isso significa menos contratos para empresas sediadas em Corumb\u00e1, menor arrecada\u00e7\u00e3o de impostos municipais e redu\u00e7\u00e3o do efeito econ\u00f4mico que normalmente acompanha grandes empreendimentos.<\/p>\n\n\n\n<p class=\"wp-block-paragraph\">A administra\u00e7\u00e3o explica que esse processo tamb\u00e9m influencia diretamente a arrecada\u00e7\u00e3o do ISS, imposto cobrado sobre a presta\u00e7\u00e3o de servi\u00e7os. Com menos empresas locais executando essas atividades, a receita do munic\u00edpio diminui, ainda que a produ\u00e7\u00e3o mineral continue crescendo.<\/p>\n\n\n\n<p class=\"wp-block-paragraph\">Embora a Prefeitura n\u00e3o divulgue valores consolidados dessa perda, a administra\u00e7\u00e3o confirma que o tema est\u00e1 sendo acompanhado por integrar o conjunto de fatores que explicam a redu\u00e7\u00e3o do retorno financeiro da minera\u00e7\u00e3o para Corumb\u00e1.<\/p>\n\n\n\n<figure class=\"wp-block-image\"><img decoding=\"async\" src=\"https:\/\/folhams.com.br\/wp-content\/uploads\/2026\/06\/transporte-minerio10-1024x604.jpg\" alt=\"transporte minerio10\" class=\"wp-image-187178\" title=\"Empresas locais perdem espa\u00e7o com avan\u00e7o da minera\u00e7\u00e3o e Prefeitura aponta impacto na economia de Corumb\u00e1 3\" \/><\/figure>\n\n\n\n<h2 class=\"wp-block-heading\"><strong>Efeito vai al\u00e9m da arrecada\u00e7\u00e3o<\/strong><\/h2>\n\n\n\n<p class=\"wp-block-paragraph\">Na avalia\u00e7\u00e3o do munic\u00edpio, o impacto n\u00e3o se limita aos cofres p\u00fablicos.<\/p>\n\n\n\n<p class=\"wp-block-paragraph\">Quando empresas locais deixam de prestar servi\u00e7os para grandes empreendimentos, diminui tamb\u00e9m a contrata\u00e7\u00e3o de trabalhadores, a compra de insumos, a movimenta\u00e7\u00e3o do com\u00e9rcio e a circula\u00e7\u00e3o de renda na economia da cidade.<\/p>\n\n\n\n<p class=\"wp-block-paragraph\">Esse efeito reduz a capacidade de gera\u00e7\u00e3o de empregos indiretos e enfraquece diversos setores que tradicionalmente atendiam \u00e0 atividade mineral.<\/p>\n\n\n\n<p class=\"wp-block-paragraph\">Enquanto isso, a produ\u00e7\u00e3o segue em expans\u00e3o. A LHG Mining mant\u00e9m planos para ampliar sua capacidade anual de produ\u00e7\u00e3o de 12 milh\u00f5es para 16 milh\u00f5es de toneladas, com projetos futuros que podem elevar esse volume para at\u00e9 25 milh\u00f5es de toneladas.<\/p>\n\n\n\n<figure class=\"wp-block-image\"><img decoding=\"async\" src=\"https:\/\/folhams.com.br\/wp-content\/uploads\/2026\/06\/transporte-minerio1-1024x604.jpg\" alt=\"transporte minerio1\" class=\"wp-image-187169\" title=\"Empresas locais perdem espa\u00e7o com avan\u00e7o da minera\u00e7\u00e3o e Prefeitura aponta impacto na economia de Corumb\u00e1 4\" \/><figcaption class=\"wp-element-caption\">Empresa projeta expans\u00e3o da produ\u00e7\u00e3o em Corumb\u00e1<\/figcaption><\/figure>\n\n\n\n<p class=\"wp-block-paragraph\">Para a Prefeitura, por\u00e9m, o crescimento da atividade precisa ser acompanhado por um fortalecimento da economia local, de forma que os benef\u00edcios sejam distribu\u00eddos de maneira mais ampla entre empresas, trabalhadores e o pr\u00f3prio munic\u00edpio.<\/p>\n\n\n\n<h2 class=\"wp-block-heading\"><strong>Debate ganha for\u00e7a diante dos impactos locais<\/strong><\/h2>\n\n\n\n<p class=\"wp-block-paragraph\">A discuss\u00e3o ocorre em meio a uma s\u00e9rie de reportagens que mostram os reflexos da minera\u00e7\u00e3o em Corumb\u00e1 e no distrito de Porto Esperan\u00e7a.<\/p>\n\n\n\n<p class=\"wp-block-paragraph\">Nos \u00faltimos meses, moradores relataram aumento do fluxo de carretas, acidentes frequentes, poeira constante sobre resid\u00eancias e estradas, desgaste da infraestrutura vi\u00e1ria e impactos ambientais provocados pela intensa movimenta\u00e7\u00e3o de min\u00e9rio.<\/p>\n\n\n\n<figure class=\"wp-block-image\"><img decoding=\"async\" src=\"https:\/\/folhams.com.br\/wp-content\/uploads\/2025\/11\/poeira-mineradoras3-1024x683.webp\" alt=\"Moradores de Corumb\u00e1 e Lad\u00e1rio denunciam nuvem de poeira de mineradoras em Corumb\u00e1. Poeira afeta sa\u00fade, meio ambiente e qualidade de vida. Saiba mais!\" class=\"wp-image-134077\" title=\"Empresas locais perdem espa\u00e7o com avan\u00e7o da minera\u00e7\u00e3o e Prefeitura aponta impacto na economia de Corumb\u00e1 5\" \/><figcaption class=\"wp-element-caption\">Moradora mostra situa\u00e7\u00e3o da casa com a invas\u00e3o da poeira de min\u00e9rio de ferro onde mora<\/figcaption><\/figure>\n\n\n\n<p class=\"wp-block-paragraph\">Para a administra\u00e7\u00e3o municipal, esse cen\u00e1rio refor\u00e7a a necessidade de que a expans\u00e3o da minera\u00e7\u00e3o seja acompanhada por mecanismos capazes de ampliar o retorno econ\u00f4mico para a cidade, especialmente diante da press\u00e3o crescente sobre os servi\u00e7os p\u00fablicos e a infraestrutura urbana.<\/p>\n\n\n\n<h2 class=\"wp-block-heading\"><strong>LHG destaca gera\u00e7\u00e3o de empregos e investimentos sociais<\/strong><\/h2>\n\n\n\n<p class=\"wp-block-paragraph\">Questionada pelo&nbsp;<strong>Folha MS<\/strong>, a LHG Mining n\u00e3o respondeu ao questionamento sobre a primariza\u00e7\u00e3o de servi\u00e7os implementados pela empresa, mas informou que mant\u00e9m atualmente cerca de 2.400 colaboradores atuando diretamente em Corumb\u00e1 e afirma desenvolver a\u00e7\u00f5es voltadas ao desenvolvimento da comunidade.<\/p>\n\n\n\n<p class=\"wp-block-paragraph\"><strong>Confira a \u00edntegra da nota enviada pela empresa:<\/strong><\/p>\n\n\n\n<blockquote class=\"wp-block-quote is-layout-flow wp-block-quote-is-layout-flow\">\n<p class=\"wp-block-paragraph\">\u201cA Lhg Mining nasceu com o compromisso de impulsionar o setor, gerar empregos e oferecer uma solu\u00e7\u00e3o integrada para uma cadeia de produ\u00e7\u00e3o mais sustent\u00e1vel. Atualmente, a companhia possui capacidade de produ\u00e7\u00e3o de 12 milh\u00f5es de toneladas por ano e conta com 2.400 colaboradores atuando diretamente em suas opera\u00e7\u00f5es na cidade de Corumb\u00e1 (MS), para garantir processos eficientes, seguros e alinhados aos mais altos padr\u00f5es de sustentabilidade e qualidade.<\/p>\n\n\n\n<p class=\"wp-block-paragraph\">Como parte do seu compromisso com a comunidade, a Lhg Mining apoiou a execu\u00e7\u00e3o de obras voltadas \u00e0 melhoria da infraestrutura e da qualidade de vida em Porto Esperan\u00e7a, entregues \u00e0 popula\u00e7\u00e3o em 10 de junho. Desenvolvidas em parceria com a comunidade e o poder p\u00fablico, as iniciativas inclu\u00edram a implanta\u00e7\u00e3o de um playground, uma academia ao ar livre e um espa\u00e7o de conviv\u00eancia, al\u00e9m de contribui\u00e7\u00f5es para a substitui\u00e7\u00e3o das tubula\u00e7\u00f5es de \u00e1gua que atendem os moradores e para a reforma de uma ponte local.<\/p>\n\n\n\n<p class=\"wp-block-paragraph\">A Lhg Mining tamb\u00e9m adota medidas permanentes para o controle da poeira, incluindo a umecta\u00e7\u00e3o de vias, o monitoramento ambiental e controles operacionais, em conformidade com a legisla\u00e7\u00e3o vigente.<\/p>\n\n\n\n<p class=\"wp-block-paragraph\">A companhia mant\u00e9m di\u00e1logo aberto com a comunidade e aten\u00e7\u00e3o permanente \u00e0s demandas locais relacionadas \u00e0 sua atua\u00e7\u00e3o, refor\u00e7ando seu compromisso com o desenvolvimento sustent\u00e1vel e a melhoria da qualidade de vida da popula\u00e7\u00e3o.\u201d<\/p>\n<\/blockquote>\n\n\n\n<p class=\"wp-block-paragraph\">A reportagem tamb\u00e9m procurou a Secretaria de Estado de Fazenda (Sefaz-MS), a Ag\u00eancia Nacional de Minera\u00e7\u00e3o (ANM) e o Instituto de Meio Ambiente de Mato Grosso do Sul (Imasul), mas n\u00e3o recebeu resposta at\u00e9 o fechamento desta edi\u00e7\u00e3o.<a href=\"https:\/\/folhams.com.br\/#whatsapp\" target=\"_blank\" rel=\"noreferrer noopener\"><\/a><\/p>\n","protected":false},"excerpt":{"rendered":"<p>PorErik Silva13 de julho de 2026 O crescimento da minera\u00e7\u00e3o em Corumb\u00e1 n\u00e3o alterou apenas o volume de min\u00e9rio extra\u00eddo. Segundo a Prefeitura, a forma como as opera\u00e7\u00f5es passaram a ser executadas tamb\u00e9m modificou a economia local. A administra\u00e7\u00e3o municipal afirma que a internaliza\u00e7\u00e3o de servi\u00e7os pelas mineradoras diminuiu a participa\u00e7\u00e3o de empresas da cidade [&hellip;]<\/p>\n","protected":false},"author":1,"featured_media":11756197,"comment_status":"closed","ping_status":"open","sticky":false,"template":"","format":"standard","meta":{"footnotes":""},"categories":[2,3],"tags":[],"class_list":["post-11756196","post","type-post","status-publish","format-standard","has-post-thumbnail","hentry","category-corumba","category-destaque"],"_links":{"self":[{"href":"https:\/\/bandfmcorumba.agoranoar.com.br\/index.php\/wp-json\/wp\/v2\/posts\/11756196","targetHints":{"allow":["GET"]}}],"collection":[{"href":"https:\/\/bandfmcorumba.agoranoar.com.br\/index.php\/wp-json\/wp\/v2\/posts"}],"about":[{"href":"https:\/\/bandfmcorumba.agoranoar.com.br\/index.php\/wp-json\/wp\/v2\/types\/post"}],"author":[{"embeddable":true,"href":"https:\/\/bandfmcorumba.agoranoar.com.br\/index.php\/wp-json\/wp\/v2\/users\/1"}],"replies":[{"embeddable":true,"href":"https:\/\/bandfmcorumba.agoranoar.com.br\/index.php\/wp-json\/wp\/v2\/comments?post=11756196"}],"version-history":[{"count":0,"href":"https:\/\/bandfmcorumba.agoranoar.com.br\/index.php\/wp-json\/wp\/v2\/posts\/11756196\/revisions"}],"wp:featuredmedia":[{"embeddable":true,"href":"https:\/\/bandfmcorumba.agoranoar.com.br\/index.php\/wp-json\/wp\/v2\/media\/11756197"}],"wp:attachment":[{"href":"https:\/\/bandfmcorumba.agoranoar.com.br\/index.php\/wp-json\/wp\/v2\/media?parent=11756196"}],"wp:term":[{"taxonomy":"category","embeddable":true,"href":"https:\/\/bandfmcorumba.agoranoar.com.br\/index.php\/wp-json\/wp\/v2\/categories?post=11756196"},{"taxonomy":"post_tag","embeddable":true,"href":"https:\/\/bandfmcorumba.agoranoar.com.br\/index.php\/wp-json\/wp\/v2\/tags?post=11756196"}],"curies":[{"name":"wp","href":"https:\/\/api.w.org\/{rel}","templated":true}]}}