{"id":11756193,"date":"2026-07-13T07:48:53","date_gmt":"2026-07-13T11:48:53","guid":{"rendered":"https:\/\/grupopantanalms.com.br\/?p=11756193"},"modified":"2026-07-13T07:48:53","modified_gmt":"2026-07-13T11:48:53","slug":"morre-alcides-bernal-reu-por-assassinato-de-fiscal-tributario-em-campo-grande","status":"publish","type":"post","link":"https:\/\/bandfmcorumba.agoranoar.com.br\/index.php\/2026\/07\/13\/morre-alcides-bernal-reu-por-assassinato-de-fiscal-tributario-em-campo-grande\/","title":{"rendered":"Morre Alcides Bernal, r\u00e9u por assassinato de fiscal tribut\u00e1rio em Campo Grande"},"content":{"rendered":"\n<p class=\"wp-block-paragraph\">L\u00edvia Bezerra, Thatiana Melo-13\/07\/2026<\/p>\n\n\n\n\n\n<p class=\"wp-block-paragraph\">O ex-prefeito de\u00a0<a href=\"https:\/\/midiamax.com.br\/municipios\/campo-grande\/\">Campo Grande<\/a>\u00a0Alcides Bernal morreu na Santa Casa da Capital, na madrugada desta segunda-feira (13). Bernal estava preso desde o dia 24 de mar\u00e7o, quando matou a tiros o auditor fiscal Roberto Mazzini.<\/p>\n\n\n\n<p class=\"wp-block-paragraph\">No in\u00edcio deste m\u00eas, o ex-prefeito precisou passar por uma cirurgia ap\u00f3s sofrer um infarto. Com a alta hospitalar, Bernal foi levado de volta ao Pres\u00eddio Militar da Capital.<\/p>\n\n\n\n<p class=\"wp-block-paragraph\">Na \u00faltima sexta-feira (10), a Justi\u00e7a indeferiu um pedido de pris\u00e3o domiciliar protocolado pela defesa, que alertou para a necessidade de repouso domiciliar por um per\u00edodo m\u00ednimo de 30 dias ap\u00f3s tr\u00eas procedimentos cir\u00fargicos para desobstru\u00e7\u00e3o de art\u00e9rias, com a implanta\u00e7\u00e3o de stents. A defesa de Bernal alegou que a estrutura do pres\u00eddio n\u00e3o \u00e9 adequada para o tratamento p\u00f3s-cir\u00fargico.<\/p>\n\n\n\n<p class=\"wp-block-paragraph\">Na noite de s\u00e1bado (11), o ex-prefeito teve um mal-estar no Pres\u00eddio Militar e foi levado novamente para a UTI (Unidade de Terapia Intensiva) da Santa Casa. Conforme apurado pelo&nbsp;<strong>Jornal Midiamax<\/strong>, Bernal passou por um procedimento cir\u00fargico na madrugada desta segunda (13) e n\u00e3o resistiu.<\/p>\n\n\n\n<h2 class=\"wp-block-heading\">R\u00e9u por assassinato<\/h2>\n\n\n\n<p class=\"wp-block-paragraph\">No fim de junho, a Justi\u00e7a mandou Alcides Bernal a j\u00fari popular pelo assassinato de Roberto Mazzini. Na decis\u00e3o, a pris\u00e3o preventiva do r\u00e9u tamb\u00e9m foi mantida pelo juiz de Direito, Carlos Alberto Garcete, da 1\u00aa Vara do Tribunal do J\u00fari.<\/p>\n\n\n\n<p class=\"wp-block-paragraph\">O&nbsp;<strong><a href=\"https:\/\/midiamax.com.br\/policia\/2026\/mesmo-advogado-bernal-debocha-faz-propria-defesa-juiz-decreta-prisao-preventiva\/\">crime aconteceu<\/a><\/strong>&nbsp;em uma casa que pertenceu a Bernal, mas foi arrematada em um leil\u00e3o por Mazzini, no ano passado. Na tarde de 24 de mar\u00e7o, Roberto foi at\u00e9 l\u00e1, na presen\u00e7a de um chaveiro, a fim de tomar posse do im\u00f3vel, mas foi alvejado por ao menos dois tiros, que atingiram a regi\u00e3o da costela, transfixando-a, e a dorsal da v\u00edtima.<\/p>\n\n\n\n<p class=\"wp-block-paragraph\">O Corpo de Bombeiros foi acionado por volta das 14h; eles realizaram, por cerca de 25 minutos, manobras de reanima\u00e7\u00e3o, mas o servidor n\u00e3o resistiu e morreu.<\/p>\n\n\n\n<p class=\"wp-block-paragraph\">Ap\u00f3s o crime, o ex-prefeito se entregou na Depac (Delegacia de Pronto Atendimento Comunit\u00e1rio) Centro. J\u00e1 o chaveiro, que presenciou o assassinato, foi encaminhado para o Cepol (Centro Integrado de Pol\u00edcia Especializada).<\/p>\n\n\n\n<p class=\"wp-block-paragraph\"><\/p>\n","protected":false},"excerpt":{"rendered":"<p>L\u00edvia Bezerra, Thatiana Melo-13\/07\/2026 O ex-prefeito de\u00a0Campo Grande\u00a0Alcides Bernal morreu na Santa Casa da Capital, na madrugada desta segunda-feira (13). Bernal estava preso desde o dia 24 de mar\u00e7o, quando matou a tiros o auditor fiscal Roberto Mazzini. No in\u00edcio deste m\u00eas, o ex-prefeito precisou passar por uma cirurgia ap\u00f3s sofrer um infarto. Com a [&hellip;]<\/p>\n","protected":false},"author":1,"featured_media":11756194,"comment_status":"closed","ping_status":"open","sticky":false,"template":"","format":"standard","meta":{"footnotes":""},"categories":[2,3],"tags":[],"class_list":["post-11756193","post","type-post","status-publish","format-standard","has-post-thumbnail","hentry","category-corumba","category-destaque"],"_links":{"self":[{"href":"https:\/\/bandfmcorumba.agoranoar.com.br\/index.php\/wp-json\/wp\/v2\/posts\/11756193","targetHints":{"allow":["GET"]}}],"collection":[{"href":"https:\/\/bandfmcorumba.agoranoar.com.br\/index.php\/wp-json\/wp\/v2\/posts"}],"about":[{"href":"https:\/\/bandfmcorumba.agoranoar.com.br\/index.php\/wp-json\/wp\/v2\/types\/post"}],"author":[{"embeddable":true,"href":"https:\/\/bandfmcorumba.agoranoar.com.br\/index.php\/wp-json\/wp\/v2\/users\/1"}],"replies":[{"embeddable":true,"href":"https:\/\/bandfmcorumba.agoranoar.com.br\/index.php\/wp-json\/wp\/v2\/comments?post=11756193"}],"version-history":[{"count":0,"href":"https:\/\/bandfmcorumba.agoranoar.com.br\/index.php\/wp-json\/wp\/v2\/posts\/11756193\/revisions"}],"wp:featuredmedia":[{"embeddable":true,"href":"https:\/\/bandfmcorumba.agoranoar.com.br\/index.php\/wp-json\/wp\/v2\/media\/11756194"}],"wp:attachment":[{"href":"https:\/\/bandfmcorumba.agoranoar.com.br\/index.php\/wp-json\/wp\/v2\/media?parent=11756193"}],"wp:term":[{"taxonomy":"category","embeddable":true,"href":"https:\/\/bandfmcorumba.agoranoar.com.br\/index.php\/wp-json\/wp\/v2\/categories?post=11756193"},{"taxonomy":"post_tag","embeddable":true,"href":"https:\/\/bandfmcorumba.agoranoar.com.br\/index.php\/wp-json\/wp\/v2\/tags?post=11756193"}],"curies":[{"name":"wp","href":"https:\/\/api.w.org\/{rel}","templated":true}]}}