{"id":11756182,"date":"2026-07-10T15:40:05","date_gmt":"2026-07-10T19:40:05","guid":{"rendered":"https:\/\/grupopantanalms.com.br\/?p=11756182"},"modified":"2026-07-10T15:40:05","modified_gmt":"2026-07-10T19:40:05","slug":"chuva-ventania-e-frio-de-9c-chegam-a-mato-grosso-do-sul-com-avanco-de-frente-fria","status":"publish","type":"post","link":"https:\/\/bandfmcorumba.agoranoar.com.br\/index.php\/2026\/07\/10\/chuva-ventania-e-frio-de-9c-chegam-a-mato-grosso-do-sul-com-avanco-de-frente-fria\/","title":{"rendered":"Chuva, ventania e frio de 9\u00b0C chegam a Mato Grosso do Sul com avan\u00e7o de frente fria"},"content":{"rendered":"\n<figure class=\"wp-block-image\"><img decoding=\"async\" src=\"https:\/\/folhams.com.br\/wp-content\/uploads\/2026\/02\/avatar-150x150.jpg\" alt=\"\" \/><\/figure>\n\n\n\n<p class=\"wp-block-paragraph\">Por<a href=\"https:\/\/folhams.com.br\/author\/erik-silva\/\">Erik Silva<\/a>10 de julho de 2026<\/p>\n\n\n\n\n\n<p class=\"wp-block-paragraph\">Mato Grosso do Sul entra em um per\u00edodo de mudan\u00e7a no tempo entre s\u00e1bado (11) e segunda-feira (13), com a chegada de uma frente fria que deve provocar chuva, tempestades, ventos fortes e uma queda significativa nas temperaturas. A menor m\u00ednima prevista \u00e9 de 9\u00b0C no extremo sul do Estado, mas o Cemtec n\u00e3o descarta registros ainda menores em alguns munic\u00edpios.<\/p>\n\n\n\n<p class=\"wp-block-paragraph\">De acordo com o Centro de Monitoramento do Tempo e do Clima (Cemtec), o avan\u00e7o do sistema favorece a forma\u00e7\u00e3o de \u00e1reas de instabilidade, principalmente entre a tarde e a noite de s\u00e1bado e ao longo de todo o domingo. A previs\u00e3o inclui chuva intensa em pontos isolados, descargas el\u00e9tricas, rajadas de vento e possibilidade de queda de granizo.<\/p>\n\n\n\n<p class=\"wp-block-paragraph\">Os maiores volumes de chuva devem ocorrer nas regi\u00f5es centro-sul, sudoeste e sudeste de Mato Grosso do Sul, onde os acumulados podem ultrapassar 30 mil\u00edmetros em apenas 24 horas. Tamb\u00e9m h\u00e1 previs\u00e3o de ventos entre 40 km\/h e 60 km\/h, com rajadas localizadas acima dessa velocidade durante a passagem da frente fria.<\/p>\n\n\n\n<p class=\"wp-block-paragraph\">No s\u00e1bado, o calor ainda predomina antes da mudan\u00e7a no tempo. Campo Grande ter\u00e1 temperaturas entre 19\u00b0C e 30\u00b0C. No interior, Corumb\u00e1, Aquidauana, Coxim, Camapu\u00e3, Parana\u00edba e Tr\u00eas Lagoas podem registrar m\u00e1ximas de at\u00e9 33\u00b0C. Em Porto Murtinho, os term\u00f4metros variam entre 21\u00b0C e 30\u00b0C. Dourados ter\u00e1 m\u00ednima de 17\u00b0C e m\u00e1xima de 30\u00b0C. Anauril\u00e2ndia fica entre 16\u00b0C e 32\u00b0C. Ponta Por\u00e3 varia de 18\u00b0C a 27\u00b0C e Iguatemi entre 16\u00b0C e 28\u00b0C.<\/p>\n\n\n\n<p class=\"wp-block-paragraph\">A mudan\u00e7a mais expressiva ocorre no domingo, quando a frente fria avan\u00e7a pelo Estado. Na Capital, a temperatura cai para m\u00ednima de 18\u00b0C e m\u00e1xima de apenas 23\u00b0C. Iguatemi ter\u00e1 m\u00ednima de 12\u00b0C, seguida por Ponta Por\u00e3 com 13\u00b0C e Dourados com 14\u00b0C. Porto Murtinho registra entre 17\u00b0C e 25\u00b0C. Tr\u00eas Lagoas varia de 18\u00b0C a 26\u00b0C. Aquidauana ter\u00e1 de 19\u00b0C a 26\u00b0C. Camapu\u00e3 fica entre 19\u00b0C e 27\u00b0C. Parana\u00edba ter\u00e1 m\u00ednima de 19\u00b0C e m\u00e1xima de 29\u00b0C. Coxim varia entre 20\u00b0C e 28\u00b0C, enquanto Corumb\u00e1 registra de 21\u00b0C a 26\u00b0C.<\/p>\n\n\n\n<h3 class=\"wp-block-heading\">Frio ganha for\u00e7a na segunda-feira<\/h3>\n\n\n\n<p class=\"wp-block-paragraph\">O ar frio se intensifica na segunda-feira, especialmente na metade sul do Estado. Iguatemi deve registrar a menor temperatura prevista pelo Cemtec, com m\u00ednima de 9\u00b0C e m\u00e1xima de 22\u00b0C.<\/p>\n\n\n\n<p class=\"wp-block-paragraph\">Na sequ\u00eancia aparecem Dourados e Ponta Por\u00e3, ambas com m\u00ednima de 10\u00b0C. Anauril\u00e2ndia ter\u00e1 12\u00b0C. Tr\u00eas Lagoas e Porto Murtinho registram 14\u00b0C. Em Campo Grande, a m\u00ednima prevista \u00e9 de 15\u00b0C, com m\u00e1xima de 23\u00b0C.<\/p>\n\n\n\n<p class=\"wp-block-paragraph\">Aquidauana, Camapu\u00e3 e Parana\u00edba ter\u00e3o m\u00ednima de 16\u00b0C. Coxim deve registrar 18\u00b0C e Corumb\u00e1, 19\u00b0C. Ap\u00f3s a passagem da frente fria, o tempo tende a ficar mais firme nas regi\u00f5es centro-sul, sudoeste e sudeste, embora ainda possam ocorrer pancadas isoladas de chuva em outras \u00e1reas do Estado.<\/p>\n\n\n\n<p class=\"wp-block-paragraph\">Segundo o Cemtec, h\u00e1 possibilidade de temperaturas inferiores a 9\u00b0C em pontos da metade sul de Mato Grosso do Sul, dependendo da intensidade do resfriamento e das condi\u00e7\u00f5es locais.<\/p>\n","protected":false},"excerpt":{"rendered":"<p>PorErik Silva10 de julho de 2026 Mato Grosso do Sul entra em um per\u00edodo de mudan\u00e7a no tempo entre s\u00e1bado (11) e segunda-feira (13), com a chegada de uma frente fria que deve provocar chuva, tempestades, ventos fortes e uma queda significativa nas temperaturas. A menor m\u00ednima prevista \u00e9 de 9\u00b0C no extremo sul do [&hellip;]<\/p>\n","protected":false},"author":1,"featured_media":11756183,"comment_status":"closed","ping_status":"open","sticky":false,"template":"","format":"standard","meta":{"footnotes":""},"categories":[2,3],"tags":[],"class_list":["post-11756182","post","type-post","status-publish","format-standard","has-post-thumbnail","hentry","category-corumba","category-destaque"],"_links":{"self":[{"href":"https:\/\/bandfmcorumba.agoranoar.com.br\/index.php\/wp-json\/wp\/v2\/posts\/11756182","targetHints":{"allow":["GET"]}}],"collection":[{"href":"https:\/\/bandfmcorumba.agoranoar.com.br\/index.php\/wp-json\/wp\/v2\/posts"}],"about":[{"href":"https:\/\/bandfmcorumba.agoranoar.com.br\/index.php\/wp-json\/wp\/v2\/types\/post"}],"author":[{"embeddable":true,"href":"https:\/\/bandfmcorumba.agoranoar.com.br\/index.php\/wp-json\/wp\/v2\/users\/1"}],"replies":[{"embeddable":true,"href":"https:\/\/bandfmcorumba.agoranoar.com.br\/index.php\/wp-json\/wp\/v2\/comments?post=11756182"}],"version-history":[{"count":0,"href":"https:\/\/bandfmcorumba.agoranoar.com.br\/index.php\/wp-json\/wp\/v2\/posts\/11756182\/revisions"}],"wp:featuredmedia":[{"embeddable":true,"href":"https:\/\/bandfmcorumba.agoranoar.com.br\/index.php\/wp-json\/wp\/v2\/media\/11756183"}],"wp:attachment":[{"href":"https:\/\/bandfmcorumba.agoranoar.com.br\/index.php\/wp-json\/wp\/v2\/media?parent=11756182"}],"wp:term":[{"taxonomy":"category","embeddable":true,"href":"https:\/\/bandfmcorumba.agoranoar.com.br\/index.php\/wp-json\/wp\/v2\/categories?post=11756182"},{"taxonomy":"post_tag","embeddable":true,"href":"https:\/\/bandfmcorumba.agoranoar.com.br\/index.php\/wp-json\/wp\/v2\/tags?post=11756182"}],"curies":[{"name":"wp","href":"https:\/\/api.w.org\/{rel}","templated":true}]}}