{"id":11756176,"date":"2026-07-10T13:12:24","date_gmt":"2026-07-10T17:12:24","guid":{"rendered":"https:\/\/grupopantanalms.com.br\/?p=11756176"},"modified":"2026-07-10T13:12:24","modified_gmt":"2026-07-10T17:12:24","slug":"pericia-contabil-investiga-suposto-enriquecimento-ilicito-em-contrato-de-informatica-do-tce-ms","status":"publish","type":"post","link":"https:\/\/bandfmcorumba.agoranoar.com.br\/index.php\/2026\/07\/10\/pericia-contabil-investiga-suposto-enriquecimento-ilicito-em-contrato-de-informatica-do-tce-ms\/","title":{"rendered":"Per\u00edcia cont\u00e1bil investiga suposto enriquecimento il\u00edcito em contrato de inform\u00e1tica do TCE-MS"},"content":{"rendered":"\n<p class=\"wp-block-paragraph\"><img loading=\"lazy\" decoding=\"async\" width=\"26\" height=\"26\" alt=\"\" src=\"https:\/\/folhams.com.br\/wp-content\/uploads\/2026\/02\/avatar-150x150.jpg\">Por<a href=\"https:\/\/folhams.com.br\/author\/erik-silva\/\">Erik Silva<\/a>10 de julho de 2026<\/p>\n\n\n\n\n\n<h2 class=\"wp-block-heading\">Per\u00edcia vai avaliar se houve enriquecimento il\u00edcito e superfaturamento no contrato de inform\u00e1tica de 2016 firmado pelo Tribunal de Contas do Estado de Mato Grosso do Sul<\/h2>\n\n\n\n<p class=\"wp-block-paragraph\">O juiz da 2\u00aa Vara de Direitos Difusos, Coletivos e Individuais Homog\u00eaneos, Eduardo Trevisan, determinou a realiza\u00e7\u00e3o de per\u00edcia cont\u00e1bil e t\u00e9cnica para verificar poss\u00edvel enriquecimento il\u00edcito em um&nbsp;<a href=\"https:\/\/folhams.com.br\/2026\/06\/08\/mpf-apura-uso-de-recursos-da-cfem-em-contrato-juridico-de-r-750-mil-assinado-em-2024\/\" target=\"_blank\" rel=\"noreferrer noopener\">contrato de servi\u00e7os de inform\u00e1tica<\/a>&nbsp;assinado em 2016 pelo Tribunal de Contas do Estado de Mato Grosso do Sul.<\/p>\n\n\n\n<p class=\"wp-block-paragraph\">A a\u00e7\u00e3o de improbidade tramita em segredo de justi\u00e7a e investiga&nbsp;<a href=\"https:\/\/folhams.com.br\/2026\/02\/04\/tce-ms-suspende-licitacao-de-r-37-milhoes-da-saude-em-corumba\/\" target=\"_blank\" rel=\"noreferrer noopener\">fraude em licita\u00e7\u00e3o<\/a>, suposto superfaturamento e falta de entrega de software, com o valor do contrato ampliado de R$ 9,4 milh\u00f5es para R$ 19,7 milh\u00f5es, conforme a den\u00fancia do Minist\u00e9rio P\u00fablico.<\/p>\n\n\n\n<p class=\"wp-block-paragraph\">O caso teve origem em opera\u00e7\u00f5es que atingiram a corte fiscal e levaram ao afastamento de conselheiros. Por envolver autoridades com foro especial a investiga\u00e7\u00e3o come\u00e7ou no Superior Tribunal de Justi\u00e7a e depois foi desmembrada, ficando ao Tribunal apenas quest\u00f5es relativas a integrantes da Corte e sendo distribu\u00eddas para a Justi\u00e7a Estadual as a\u00e7\u00f5es ligadas a pessoas sem prerrogativa de foro.<\/p>\n\n\n\n<p class=\"wp-block-paragraph\">S\u00e3o sete r\u00e9us na a\u00e7\u00e3o. Cleiton Barbosa da Silva, Douglas Avedikian e Parajara Moraes Alves J\u00fanior foram apontados como servidores p\u00fablicos e Fernando Roger Daga, Jos\u00e9 do Patroc\u00ednio Filho, Luiz Alberto de Oliveira Azevedo e Douglas Azevedo Avedikian teriam liga\u00e7\u00e3o com a empresa Pir\u00e2mide Central Inform\u00e1tica.<\/p>\n\n\n\n<p class=\"wp-block-paragraph\">Na decis\u00e3o o juiz autorizou per\u00edcia cont\u00e1bil para avaliar a evolu\u00e7\u00e3o patrimonial dos r\u00e9us e \u201ca produ\u00e7\u00e3o da prova pericial para apura\u00e7\u00e3o de eventual superfaturamento do contrato, inexecu\u00e7\u00e3o contratual e peculiaridades t\u00e9cnicas do contrato.\u201d<\/p>\n\n\n\n<p class=\"wp-block-paragraph\">Para a fase de produ\u00e7\u00e3o de provas o magistrado determinou que os denunciados apresentem as testemunhas no prazo de 15 dias e que o perito formule proposta de honor\u00e1rios. O juiz tamb\u00e9m mandou incluir provas recolhidas em outras instru\u00e7\u00f5es, entre elas o depoimento do conselheiro do TCE Ronaldo Chadid, que segue afastado da Corte Fiscal. Somente ap\u00f3s a apresenta\u00e7\u00e3o dos laudos o juiz definir\u00e1 a realiza\u00e7\u00e3o de audi\u00eancia.<\/p>\n","protected":false},"excerpt":{"rendered":"<p>PorErik Silva10 de julho de 2026 Per\u00edcia vai avaliar se houve enriquecimento il\u00edcito e superfaturamento no contrato de inform\u00e1tica de 2016 firmado pelo Tribunal de Contas do Estado de Mato Grosso do Sul O juiz da 2\u00aa Vara de Direitos Difusos, Coletivos e Individuais Homog\u00eaneos, Eduardo Trevisan, determinou a realiza\u00e7\u00e3o de per\u00edcia cont\u00e1bil e t\u00e9cnica [&hellip;]<\/p>\n","protected":false},"author":1,"featured_media":11756177,"comment_status":"closed","ping_status":"open","sticky":false,"template":"","format":"standard","meta":{"footnotes":""},"categories":[5],"tags":[],"class_list":["post-11756176","post","type-post","status-publish","format-standard","has-post-thumbnail","hentry","category-policia"],"_links":{"self":[{"href":"https:\/\/bandfmcorumba.agoranoar.com.br\/index.php\/wp-json\/wp\/v2\/posts\/11756176","targetHints":{"allow":["GET"]}}],"collection":[{"href":"https:\/\/bandfmcorumba.agoranoar.com.br\/index.php\/wp-json\/wp\/v2\/posts"}],"about":[{"href":"https:\/\/bandfmcorumba.agoranoar.com.br\/index.php\/wp-json\/wp\/v2\/types\/post"}],"author":[{"embeddable":true,"href":"https:\/\/bandfmcorumba.agoranoar.com.br\/index.php\/wp-json\/wp\/v2\/users\/1"}],"replies":[{"embeddable":true,"href":"https:\/\/bandfmcorumba.agoranoar.com.br\/index.php\/wp-json\/wp\/v2\/comments?post=11756176"}],"version-history":[{"count":0,"href":"https:\/\/bandfmcorumba.agoranoar.com.br\/index.php\/wp-json\/wp\/v2\/posts\/11756176\/revisions"}],"wp:featuredmedia":[{"embeddable":true,"href":"https:\/\/bandfmcorumba.agoranoar.com.br\/index.php\/wp-json\/wp\/v2\/media\/11756177"}],"wp:attachment":[{"href":"https:\/\/bandfmcorumba.agoranoar.com.br\/index.php\/wp-json\/wp\/v2\/media?parent=11756176"}],"wp:term":[{"taxonomy":"category","embeddable":true,"href":"https:\/\/bandfmcorumba.agoranoar.com.br\/index.php\/wp-json\/wp\/v2\/categories?post=11756176"},{"taxonomy":"post_tag","embeddable":true,"href":"https:\/\/bandfmcorumba.agoranoar.com.br\/index.php\/wp-json\/wp\/v2\/tags?post=11756176"}],"curies":[{"name":"wp","href":"https:\/\/api.w.org\/{rel}","templated":true}]}}