{"id":11756129,"date":"2026-07-09T14:00:49","date_gmt":"2026-07-09T18:00:49","guid":{"rendered":"https:\/\/grupopantanalms.com.br\/?p=11756129"},"modified":"2026-07-09T14:00:49","modified_gmt":"2026-07-09T18:00:49","slug":"dia-dos-pais-deve-movimentar-r-145-milhoes-em-corumba-e-ladario-aponta-pesquisa","status":"publish","type":"post","link":"https:\/\/bandfmcorumba.agoranoar.com.br\/index.php\/2026\/07\/09\/dia-dos-pais-deve-movimentar-r-145-milhoes-em-corumba-e-ladario-aponta-pesquisa\/","title":{"rendered":"Dia dos Pais deve movimentar R$ 14,5 milh\u00f5es em Corumb\u00e1 e Lad\u00e1rio, aponta pesquisa"},"content":{"rendered":"\n<p class=\"wp-block-paragraph\"><strong>Rosana Nunes<\/strong>&nbsp;em 09 de Julho de 2026<\/p>\n\n\n\n<p class=\"wp-block-paragraph\">Anderson Gallo\/Di\u00e1rio Corumbaense<\/p>\n\n\n\n\n\n<p class=\"wp-block-paragraph\">A economia de Corumb\u00e1 e Lad\u00e1rio dever\u00e1 movimentar aproximadamente&nbsp;R$ 14,5 milh\u00f5es&nbsp;durante o Dia dos Pais de 2026, segundo pesquisa do Instituto de Pesquisa da Fecom\u00e9rcio-MS (IPF-MS) em parceria com o Sebrae\/MS. O valor representa um crescimento de&nbsp;0,72%&nbsp;em rela\u00e7\u00e3o ao ano passado, considerando a corre\u00e7\u00e3o pelo IPCA.<\/p>\n\n\n\n<p class=\"wp-block-paragraph\">O levantamento mostra que o&nbsp;gasto m\u00e9dio por consumidor ser\u00e1 de R$ 523,38, dividido praticamente de forma igual entre a compra de presentes (R$ 262,86) e as comemora\u00e7\u00f5es (R$ 260,53). A pesquisa aponta um cen\u00e1rio de estabilidade no consumo, mantendo o comportamento registrado em 2025.<\/p>\n\n\n\n<p class=\"wp-block-paragraph\">Mais da metade da popula\u00e7\u00e3o entrevistada (52,43%) pretende comprar presentes para a data, enquanto&nbsp;56,93%&nbsp;afirmaram que ir\u00e3o comemorar o Dia dos Pais. A estimativa \u00e9 que as compras de presentes movimentem&nbsp;R$ 6,98 milh\u00f5es, enquanto as celebra\u00e7\u00f5es dever\u00e3o injetar&nbsp;R$ 7,51 milh\u00f5es&nbsp;na economia local.<\/p>\n\n\n\n<p class=\"wp-block-paragraph\">Entre os consumidores que ir\u00e3o presentear, o pai continua sendo o principal homenageado, citado por&nbsp;75,71%&nbsp;dos entrevistados. As compras dever\u00e3o ocorrer, principalmente, em&nbsp;lojas f\u00edsicas (66,43%), com prefer\u00eancia pelo com\u00e9rcio localizado no Centro das cidades (90,72%).<\/p>\n\n\n\n<p class=\"wp-block-paragraph\">As roupas lideram a lista de presentes mais procurados, escolhidas por&nbsp;32,14%&nbsp;dos consumidores. Em seguida aparecem perfumes e cosm\u00e9ticos (19,29%), carteiras, mochilas e acess\u00f3rios (19,29%), al\u00e9m de outros itens variados (17,14%).<\/p>\n\n\n\n<p class=\"wp-block-paragraph\">O levantamento revela ainda que metade dos consumidores pretende gastar entre&nbsp;R$ 100 e R$ 200&nbsp;com o presente. Na hora da decis\u00e3o de compra, os principais crit\u00e9rios s\u00e3o a&nbsp;qualidade do produto (45%), a escolha do pr\u00f3prio pai (34,29%) e o pre\u00e7o (22,14%). J\u00e1 os fatores que mais influenciam o fechamento da compra s\u00e3o os&nbsp;descontos para pagamento \u00e0 vista (56,43%), o parcelamento no cart\u00e3o de cr\u00e9dito (28,57%) e a qualidade do atendimento (24,29%).<\/p>\n\n\n\n<p class=\"wp-block-paragraph\">Entre aqueles que ir\u00e3o comemorar a data, a maior parte (76,32%) pretende reunir a fam\u00edlia em casa e preparar uma refei\u00e7\u00e3o. Outros&nbsp;13,16%&nbsp;devem celebrar em restaurantes, enquanto uma parcela menor optar\u00e1 por pedir delivery ou realizar passeios.<\/p>\n\n\n\n<p class=\"wp-block-paragraph\">A pesquisa tamb\u00e9m indica predomin\u00e2ncia das compras presenciais. Metade dos entrevistados (50%) afirmou preferir fazer compras em lojas f\u00edsicas, enquanto&nbsp;32,24%&nbsp;utilizam tanto o com\u00e9rcio presencial quanto o online. Al\u00e9m disso,&nbsp;42,11%&nbsp;disseram pesquisar pre\u00e7os em diversas lojas f\u00edsicas antes de comprar.<\/p>\n\n\n\n<p class=\"wp-block-paragraph\">Sobre a percep\u00e7\u00e3o econ\u00f4mica,&nbsp;64,79%&nbsp;dos entrevistados acreditam que a situa\u00e7\u00e3o econ\u00f4mica em 2026 est\u00e1 melhor do que em 2025.<\/p>\n\n\n\n<p class=\"wp-block-paragraph\"><strong>Levantamento estadual<\/strong><\/p>\n\n\n\n<p class=\"wp-block-paragraph\">A pesquisa foi realizada entre os dias&nbsp;15 e 23 de junho de 2026, com&nbsp;2.515 entrevistas presenciais&nbsp;nas cidades de Bonito, Campo Grande, Corumb\u00e1\/Lad\u00e1rio, Coxim, Dourados, Navira\u00ed, Nova Andradina, Ponta Por\u00e3 e Tr\u00eas Lagoas..&nbsp;<\/p>\n\n\n\n<p class=\"wp-block-paragraph\">De acordo com o levantamento, a economia do Estado deve movimentar aproximadamente R$ 339,22 milh\u00f5es com presentes e comemora\u00e7\u00f5es, um crescimento de 8% em rela\u00e7\u00e3o ao ano anterior. O estudo possui n\u00edvel de confian\u00e7a de 95% e margem de erro entre 5% e 6%.&nbsp;<\/p>\n\n\n\n<p class=\"wp-block-paragraph\">O Dia dos Pais \u00e9 celebrado no segundo domingo de agosto.<\/p>\n","protected":false},"excerpt":{"rendered":"<p>Rosana Nunes&nbsp;em 09 de Julho de 2026 Anderson Gallo\/Di\u00e1rio Corumbaense A economia de Corumb\u00e1 e Lad\u00e1rio dever\u00e1 movimentar aproximadamente&nbsp;R$ 14,5 milh\u00f5es&nbsp;durante o Dia dos Pais de 2026, segundo pesquisa do Instituto de Pesquisa da Fecom\u00e9rcio-MS (IPF-MS) em parceria com o Sebrae\/MS. O valor representa um crescimento de&nbsp;0,72%&nbsp;em rela\u00e7\u00e3o ao ano passado, considerando a corre\u00e7\u00e3o pelo [&hellip;]<\/p>\n","protected":false},"author":1,"featured_media":11756130,"comment_status":"closed","ping_status":"open","sticky":false,"template":"","format":"standard","meta":{"footnotes":""},"categories":[2],"tags":[],"class_list":["post-11756129","post","type-post","status-publish","format-standard","has-post-thumbnail","hentry","category-corumba"],"_links":{"self":[{"href":"https:\/\/bandfmcorumba.agoranoar.com.br\/index.php\/wp-json\/wp\/v2\/posts\/11756129","targetHints":{"allow":["GET"]}}],"collection":[{"href":"https:\/\/bandfmcorumba.agoranoar.com.br\/index.php\/wp-json\/wp\/v2\/posts"}],"about":[{"href":"https:\/\/bandfmcorumba.agoranoar.com.br\/index.php\/wp-json\/wp\/v2\/types\/post"}],"author":[{"embeddable":true,"href":"https:\/\/bandfmcorumba.agoranoar.com.br\/index.php\/wp-json\/wp\/v2\/users\/1"}],"replies":[{"embeddable":true,"href":"https:\/\/bandfmcorumba.agoranoar.com.br\/index.php\/wp-json\/wp\/v2\/comments?post=11756129"}],"version-history":[{"count":0,"href":"https:\/\/bandfmcorumba.agoranoar.com.br\/index.php\/wp-json\/wp\/v2\/posts\/11756129\/revisions"}],"wp:featuredmedia":[{"embeddable":true,"href":"https:\/\/bandfmcorumba.agoranoar.com.br\/index.php\/wp-json\/wp\/v2\/media\/11756130"}],"wp:attachment":[{"href":"https:\/\/bandfmcorumba.agoranoar.com.br\/index.php\/wp-json\/wp\/v2\/media?parent=11756129"}],"wp:term":[{"taxonomy":"category","embeddable":true,"href":"https:\/\/bandfmcorumba.agoranoar.com.br\/index.php\/wp-json\/wp\/v2\/categories?post=11756129"},{"taxonomy":"post_tag","embeddable":true,"href":"https:\/\/bandfmcorumba.agoranoar.com.br\/index.php\/wp-json\/wp\/v2\/tags?post=11756129"}],"curies":[{"name":"wp","href":"https:\/\/api.w.org\/{rel}","templated":true}]}}