{"id":11756123,"date":"2026-07-09T10:19:56","date_gmt":"2026-07-09T14:19:56","guid":{"rendered":"https:\/\/grupopantanalms.com.br\/?p=11756123"},"modified":"2026-07-09T10:19:56","modified_gmt":"2026-07-09T14:19:56","slug":"jovem-colide-moto-contra-carro-estacionado-durante-a-madrugada","status":"publish","type":"post","link":"https:\/\/bandfmcorumba.agoranoar.com.br\/index.php\/2026\/07\/09\/jovem-colide-moto-contra-carro-estacionado-durante-a-madrugada\/","title":{"rendered":"Jovem colide moto contra carro estacionado durante a madrugada"},"content":{"rendered":"\n<p class=\"wp-block-paragraph\"><strong>Leonardo Cabral<\/strong>&nbsp;em 09 de Julho de 2026<\/p>\n\n\n\n<p class=\"wp-block-paragraph\">Divulga\u00e7\u00e3o\/Corpo de Bombeiros Militar<\/p>\n\n\n\n\n\n<p class=\"wp-block-paragraph\">Um rapaz de 20 anos ficou ferido ap\u00f3s colidir a motocicleta que conduzia contra um carro estacionado na madrugada desta quinta-feira (9). Foi na avenida Porto Carrero, em frente a Rodovi\u00e1ria Intermunicipal de Corumb\u00e1, por volta da 1h30.<\/p>\n\n\n\n<p class=\"wp-block-paragraph\">Uma equipe do 3\u00ba Grupamento de Bombeiros Militar foi acionada para prestar atendimento. No local, a guarni\u00e7\u00e3o encontrou a v\u00edtima ca\u00edda ao solo, j\u00e1 sem o capacete.<\/p>\n\n\n\n<p class=\"wp-block-paragraph\">Ele estava consciente, orientado e relatava fortes dores na regi\u00e3o do quadril. Durante a avalia\u00e7\u00e3o, os bombeiros constataram escoria\u00e7\u00f5es nos p\u00e9s e joelhos, al\u00e9m de um ferimento corto-contuso no queixo, com hemorragia.<\/p>\n\n\n\n<p class=\"wp-block-paragraph\">Ap\u00f3s receber os primeiros atendimentos e os curativos necess\u00e1rios, o motociclista foi imobilizado e encaminhado ao Pronto-Socorro Municipal.&nbsp;<\/p>\n","protected":false},"excerpt":{"rendered":"<p>Leonardo Cabral&nbsp;em 09 de Julho de 2026 Divulga\u00e7\u00e3o\/Corpo de Bombeiros Militar Um rapaz de 20 anos ficou ferido ap\u00f3s colidir a motocicleta que conduzia contra um carro estacionado na madrugada desta quinta-feira (9). Foi na avenida Porto Carrero, em frente a Rodovi\u00e1ria Intermunicipal de Corumb\u00e1, por volta da 1h30. Uma equipe do 3\u00ba Grupamento de [&hellip;]<\/p>\n","protected":false},"author":1,"featured_media":11756124,"comment_status":"closed","ping_status":"open","sticky":false,"template":"","format":"standard","meta":{"footnotes":""},"categories":[2],"tags":[],"class_list":["post-11756123","post","type-post","status-publish","format-standard","has-post-thumbnail","hentry","category-corumba"],"_links":{"self":[{"href":"https:\/\/bandfmcorumba.agoranoar.com.br\/index.php\/wp-json\/wp\/v2\/posts\/11756123","targetHints":{"allow":["GET"]}}],"collection":[{"href":"https:\/\/bandfmcorumba.agoranoar.com.br\/index.php\/wp-json\/wp\/v2\/posts"}],"about":[{"href":"https:\/\/bandfmcorumba.agoranoar.com.br\/index.php\/wp-json\/wp\/v2\/types\/post"}],"author":[{"embeddable":true,"href":"https:\/\/bandfmcorumba.agoranoar.com.br\/index.php\/wp-json\/wp\/v2\/users\/1"}],"replies":[{"embeddable":true,"href":"https:\/\/bandfmcorumba.agoranoar.com.br\/index.php\/wp-json\/wp\/v2\/comments?post=11756123"}],"version-history":[{"count":0,"href":"https:\/\/bandfmcorumba.agoranoar.com.br\/index.php\/wp-json\/wp\/v2\/posts\/11756123\/revisions"}],"wp:featuredmedia":[{"embeddable":true,"href":"https:\/\/bandfmcorumba.agoranoar.com.br\/index.php\/wp-json\/wp\/v2\/media\/11756124"}],"wp:attachment":[{"href":"https:\/\/bandfmcorumba.agoranoar.com.br\/index.php\/wp-json\/wp\/v2\/media?parent=11756123"}],"wp:term":[{"taxonomy":"category","embeddable":true,"href":"https:\/\/bandfmcorumba.agoranoar.com.br\/index.php\/wp-json\/wp\/v2\/categories?post=11756123"},{"taxonomy":"post_tag","embeddable":true,"href":"https:\/\/bandfmcorumba.agoranoar.com.br\/index.php\/wp-json\/wp\/v2\/tags?post=11756123"}],"curies":[{"name":"wp","href":"https:\/\/api.w.org\/{rel}","templated":true}]}}