{"id":11756114,"date":"2026-07-09T09:44:33","date_gmt":"2026-07-09T13:44:33","guid":{"rendered":"https:\/\/grupopantanalms.com.br\/?p=11756114"},"modified":"2026-07-09T09:44:33","modified_gmt":"2026-07-09T13:44:33","slug":"motociclista-fica-ferido-apos-colisao-com-carro-em-corumba","status":"publish","type":"post","link":"https:\/\/bandfmcorumba.agoranoar.com.br\/index.php\/2026\/07\/09\/motociclista-fica-ferido-apos-colisao-com-carro-em-corumba\/","title":{"rendered":"Motociclista fica ferido ap\u00f3s colis\u00e3o com carro em Corumb\u00e1"},"content":{"rendered":"\n<p class=\"wp-block-paragraph\"><strong>Leonardo Cabral<\/strong>&nbsp;em 09 de Julho de 2026<\/p>\n\n\n\n<p class=\"wp-block-paragraph\">Divulga\u00e7\u00e3o\/Corpo de Bombeiros Militar<\/p>\n\n\n\n\n\n<p class=\"wp-block-paragraph\">Um motociclista de 34 anos ficou ferido ap\u00f3s uma colis\u00e3o envolvendo um carro e uma motocicleta no in\u00edcio da noite de quarta-feira (8), em Corumb\u00e1. O sinistro de tr\u00e2nsito ocorreu por volta das 18h20, na rua Vinte e Um de Setembro, quase esquina com a rua Duque de Caxias, nas proximidades da Embrapa Pantanal.<\/p>\n\n\n\n<p class=\"wp-block-paragraph\">Equipe de resgate e salvamento do 3\u00ba Grupamento de Bombeiros Militar foi acionada para atender a ocorr\u00eancia. No local, os militares encontraram o condutor da moto ca\u00eddo ao solo, j\u00e1 sem o capacete, consciente e orientado.<\/p>\n\n\n\n<p class=\"wp-block-paragraph\">Segundo a Central de Opera\u00e7\u00f5es do 3\u00ba GBM, a v\u00edtima relatava fortes dores na regi\u00e3o do quadril, no tornozelo esquerdo e no punho esquerdo. Os bombeiros realizaram os procedimentos de atendimento pr\u00e9-hospitalar, incluindo a imobiliza\u00e7\u00e3o dos membros afetados, para garantir a estabiliza\u00e7\u00e3o do quadro cl\u00ednico.<\/p>\n\n\n\n<p class=\"wp-block-paragraph\">Ap\u00f3s receber o atendimento, o motociclista foi encaminhado ao Pronto-Socorro Municipal, onde ficou sob cuidados da equipe plantonista.<\/p>\n","protected":false},"excerpt":{"rendered":"<p>Leonardo Cabral&nbsp;em 09 de Julho de 2026 Divulga\u00e7\u00e3o\/Corpo de Bombeiros Militar Um motociclista de 34 anos ficou ferido ap\u00f3s uma colis\u00e3o envolvendo um carro e uma motocicleta no in\u00edcio da noite de quarta-feira (8), em Corumb\u00e1. O sinistro de tr\u00e2nsito ocorreu por volta das 18h20, na rua Vinte e Um de Setembro, quase esquina com [&hellip;]<\/p>\n","protected":false},"author":1,"featured_media":11756115,"comment_status":"closed","ping_status":"open","sticky":false,"template":"","format":"standard","meta":{"footnotes":""},"categories":[2,3],"tags":[],"class_list":["post-11756114","post","type-post","status-publish","format-standard","has-post-thumbnail","hentry","category-corumba","category-destaque"],"_links":{"self":[{"href":"https:\/\/bandfmcorumba.agoranoar.com.br\/index.php\/wp-json\/wp\/v2\/posts\/11756114","targetHints":{"allow":["GET"]}}],"collection":[{"href":"https:\/\/bandfmcorumba.agoranoar.com.br\/index.php\/wp-json\/wp\/v2\/posts"}],"about":[{"href":"https:\/\/bandfmcorumba.agoranoar.com.br\/index.php\/wp-json\/wp\/v2\/types\/post"}],"author":[{"embeddable":true,"href":"https:\/\/bandfmcorumba.agoranoar.com.br\/index.php\/wp-json\/wp\/v2\/users\/1"}],"replies":[{"embeddable":true,"href":"https:\/\/bandfmcorumba.agoranoar.com.br\/index.php\/wp-json\/wp\/v2\/comments?post=11756114"}],"version-history":[{"count":0,"href":"https:\/\/bandfmcorumba.agoranoar.com.br\/index.php\/wp-json\/wp\/v2\/posts\/11756114\/revisions"}],"wp:featuredmedia":[{"embeddable":true,"href":"https:\/\/bandfmcorumba.agoranoar.com.br\/index.php\/wp-json\/wp\/v2\/media\/11756115"}],"wp:attachment":[{"href":"https:\/\/bandfmcorumba.agoranoar.com.br\/index.php\/wp-json\/wp\/v2\/media?parent=11756114"}],"wp:term":[{"taxonomy":"category","embeddable":true,"href":"https:\/\/bandfmcorumba.agoranoar.com.br\/index.php\/wp-json\/wp\/v2\/categories?post=11756114"},{"taxonomy":"post_tag","embeddable":true,"href":"https:\/\/bandfmcorumba.agoranoar.com.br\/index.php\/wp-json\/wp\/v2\/tags?post=11756114"}],"curies":[{"name":"wp","href":"https:\/\/api.w.org\/{rel}","templated":true}]}}