{"id":11756111,"date":"2026-07-09T09:22:04","date_gmt":"2026-07-09T13:22:04","guid":{"rendered":"https:\/\/grupopantanalms.com.br\/?p=11756111"},"modified":"2026-07-09T09:22:04","modified_gmt":"2026-07-09T13:22:04","slug":"funec-abre-inscricoes-para-seletiva-dos-jogos-abertos-de-mato-grosso-do-sul","status":"publish","type":"post","link":"https:\/\/bandfmcorumba.agoranoar.com.br\/index.php\/2026\/07\/09\/funec-abre-inscricoes-para-seletiva-dos-jogos-abertos-de-mato-grosso-do-sul\/","title":{"rendered":"Funec abre inscri\u00e7\u00f5es para seletiva dos Jogos Abertos de Mato Grosso do Sul"},"content":{"rendered":"\n<p class=\"wp-block-paragraph\"><strong>Da Reda\u00e7\u00e3o<\/strong>&nbsp;em 09 de Julho de 2026<\/p>\n\n\n\n<p class=\"wp-block-paragraph\">Ren\u00ea Marcio Carneiro\/Arquivo PMC<\/p>\n\n\n\n\n\n<p class=\"wp-block-paragraph\">A Funda\u00e7\u00e3o de Esportes de Corumb\u00e1 abriu o per\u00edodo de inscri\u00e7\u00f5es para as seletivas dos Jogos Abertos de Mato Grosso do Sul 2026. Os atletas interessados em representar o munic\u00edpio na maior competi\u00e7\u00e3o poliesportiva do estado t\u00eam at\u00e9 14 de julho para formalizar a participa\u00e7\u00e3o. O prazo come\u00e7ou no dia 7.<\/p>\n\n\n\n<p class=\"wp-block-paragraph\">O processo seletivo deste ano contemplar\u00e1 quatro modalidades coletivas: basquete, futsal, voleibol e handebol. A iniciativa visa mapear e reunir os principais talentos esportivos da regi\u00e3o pantaneira, garantindo a forma\u00e7\u00e3o de equipes competitivas para as etapas estaduais do torneio.<\/p>\n\n\n\n<p class=\"wp-block-paragraph\">O atendimento aos atletas e representantes de equipes ocorre das 7h30 \u00e0s 13 horas na sede da Funec, que fica na rua Dom Aquino, n\u00ba 1019, Centro, em frente ao Jardim da Independ\u00eancia.<\/p>\n\n\n\n<p class=\"wp-block-paragraph\"><strong>Servi\u00e7o<\/strong><\/p>\n\n\n\n<p class=\"wp-block-paragraph\"><strong><em>Evento:<\/em><\/strong>&nbsp;Seletiva dos Jogos Abertos de Mato Grosso do Sul 2026<\/p>\n\n\n\n<p class=\"wp-block-paragraph\"><strong><em>Inscri\u00e7\u00f5es:<\/em><\/strong>&nbsp;De 77 a 14 de julho de 2026<\/p>\n\n\n\n<p class=\"wp-block-paragraph\"><strong><em>Hor\u00e1rio:<\/em><\/strong>&nbsp;Das 7h30 \u00e0s 13h<\/p>\n\n\n\n<p class=\"wp-block-paragraph\"><strong><em>Local:<\/em><\/strong>&nbsp;Sede da Funec, rua Aquino, n\u00ba 1019, Centro &#8211; junto ao pr\u00e9dio do CAC<\/p>\n\n\n\n<p class=\"wp-block-paragraph\"><em>Com informa\u00e7\u00f5es da Assessoria de Comunica\u00e7\u00e3o da PMC.<\/em><\/p>\n","protected":false},"excerpt":{"rendered":"<p>Da Reda\u00e7\u00e3o&nbsp;em 09 de Julho de 2026 Ren\u00ea Marcio Carneiro\/Arquivo PMC A Funda\u00e7\u00e3o de Esportes de Corumb\u00e1 abriu o per\u00edodo de inscri\u00e7\u00f5es para as seletivas dos Jogos Abertos de Mato Grosso do Sul 2026. Os atletas interessados em representar o munic\u00edpio na maior competi\u00e7\u00e3o poliesportiva do estado t\u00eam at\u00e9 14 de julho para formalizar a [&hellip;]<\/p>\n","protected":false},"author":1,"featured_media":11756112,"comment_status":"closed","ping_status":"open","sticky":false,"template":"","format":"standard","meta":{"footnotes":""},"categories":[3,9],"tags":[],"class_list":["post-11756111","post","type-post","status-publish","format-standard","has-post-thumbnail","hentry","category-destaque","category-esporte"],"_links":{"self":[{"href":"https:\/\/bandfmcorumba.agoranoar.com.br\/index.php\/wp-json\/wp\/v2\/posts\/11756111","targetHints":{"allow":["GET"]}}],"collection":[{"href":"https:\/\/bandfmcorumba.agoranoar.com.br\/index.php\/wp-json\/wp\/v2\/posts"}],"about":[{"href":"https:\/\/bandfmcorumba.agoranoar.com.br\/index.php\/wp-json\/wp\/v2\/types\/post"}],"author":[{"embeddable":true,"href":"https:\/\/bandfmcorumba.agoranoar.com.br\/index.php\/wp-json\/wp\/v2\/users\/1"}],"replies":[{"embeddable":true,"href":"https:\/\/bandfmcorumba.agoranoar.com.br\/index.php\/wp-json\/wp\/v2\/comments?post=11756111"}],"version-history":[{"count":0,"href":"https:\/\/bandfmcorumba.agoranoar.com.br\/index.php\/wp-json\/wp\/v2\/posts\/11756111\/revisions"}],"wp:featuredmedia":[{"embeddable":true,"href":"https:\/\/bandfmcorumba.agoranoar.com.br\/index.php\/wp-json\/wp\/v2\/media\/11756112"}],"wp:attachment":[{"href":"https:\/\/bandfmcorumba.agoranoar.com.br\/index.php\/wp-json\/wp\/v2\/media?parent=11756111"}],"wp:term":[{"taxonomy":"category","embeddable":true,"href":"https:\/\/bandfmcorumba.agoranoar.com.br\/index.php\/wp-json\/wp\/v2\/categories?post=11756111"},{"taxonomy":"post_tag","embeddable":true,"href":"https:\/\/bandfmcorumba.agoranoar.com.br\/index.php\/wp-json\/wp\/v2\/tags?post=11756111"}],"curies":[{"name":"wp","href":"https:\/\/api.w.org\/{rel}","templated":true}]}}