{"id":11756096,"date":"2026-07-08T13:54:17","date_gmt":"2026-07-08T17:54:17","guid":{"rendered":"https:\/\/grupopantanalms.com.br\/?p=11756096"},"modified":"2026-07-08T13:54:17","modified_gmt":"2026-07-08T17:54:17","slug":"desaparecimento-de-adolescente-em-taquarussu-completa-tres-anos","status":"publish","type":"post","link":"https:\/\/bandfmcorumba.agoranoar.com.br\/index.php\/2026\/07\/08\/desaparecimento-de-adolescente-em-taquarussu-completa-tres-anos\/","title":{"rendered":"Desaparecimento de adolescente em Taquarussu completa tr\u00eas anos"},"content":{"rendered":"\n<p class=\"wp-block-paragraph\"><img loading=\"lazy\" decoding=\"async\" width=\"26\" height=\"26\" alt=\"\" src=\"https:\/\/folhams.com.br\/wp-content\/uploads\/2026\/02\/avatar-150x150.jpg\">Por<a href=\"https:\/\/folhams.com.br\/author\/erik-silva\/\">Erik Silva<\/a>8 de julho de 2026<\/p>\n\n\n\n\n\n<h2 class=\"wp-block-heading\">Fam\u00edlia segue sem not\u00edcias tr\u00eas anos ap\u00f3s adolescente de 16 anos desaparecer ao sair de casa para festa em Taquarussu e investiga\u00e7\u00f5es ainda n\u00e3o apontam esclarecimento<\/h2>\n\n\n\n<p class=\"wp-block-paragraph\">Nesta quarta-feira 08 completa tr\u00eas anos do desaparecimento de Geovana Souza Dias e o paradeiro da adolescente de 16 anos continua desconhecido para a fam\u00edlia.<\/p>\n\n\n\n<p class=\"wp-block-paragraph\">Na noite de s\u00e1bado 08 de julho de 2023 Geovana saiu de casa com destino a uma festa na regi\u00e3o central de Taquarussu e n\u00e3o chegou ao local onde encontraria amigas.<\/p>\n\n\n\n<p class=\"wp-block-paragraph\">A bicicleta e o celular dela foram encontrados jogados em uma rua pr\u00f3xima \u00e0 pra\u00e7a onde ocorria a festa e v\u00e1rias dilig\u00eancias policiais foram realizadas sem que se apurasse o que aconteceu com a jovem.<\/p>\n\n\n\n<p class=\"wp-block-paragraph\">Geovana morava nas proximidades do Est\u00e1dio Municipal de Taquarussu e equipes percorreram \u00e1reas do entorno nos primeiros dias de buscas.<\/p>\n\n\n\n<p class=\"wp-block-paragraph\">O caso ganhou repercuss\u00e3o nacional em 2023 quando o Domingo Espetacular da Record TV enviou equipe \u00e0 cidade em busca de pistas.<\/p>\n\n\n\n<p class=\"wp-block-paragraph\">Informa\u00e7\u00f5es que possam levar ao paradeiro de Geovana Souza Dias podem ser repassadas \u00e0&nbsp;<a href=\"https:\/\/folhams.com.br\/2026\/07\/07\/policia-civil-reorganiza-sigs-interior-crimes-graves\/\" target=\"_blank\" rel=\"noreferrer noopener\">Pol\u00edcia Civil<\/a>&nbsp;pelo WhatsApp (67) 9 9223-0178 e a fam\u00edlia mant\u00e9m expectativa por not\u00edcias de acordo com a fam\u00edlia.<\/p>\n","protected":false},"excerpt":{"rendered":"<p>PorErik Silva8 de julho de 2026 Fam\u00edlia segue sem not\u00edcias tr\u00eas anos ap\u00f3s adolescente de 16 anos desaparecer ao sair de casa para festa em Taquarussu e investiga\u00e7\u00f5es ainda n\u00e3o apontam esclarecimento Nesta quarta-feira 08 completa tr\u00eas anos do desaparecimento de Geovana Souza Dias e o paradeiro da adolescente de 16 anos continua desconhecido para [&hellip;]<\/p>\n","protected":false},"author":1,"featured_media":11756097,"comment_status":"closed","ping_status":"open","sticky":false,"template":"","format":"standard","meta":{"footnotes":""},"categories":[5],"tags":[],"class_list":["post-11756096","post","type-post","status-publish","format-standard","has-post-thumbnail","hentry","category-policia"],"_links":{"self":[{"href":"https:\/\/bandfmcorumba.agoranoar.com.br\/index.php\/wp-json\/wp\/v2\/posts\/11756096","targetHints":{"allow":["GET"]}}],"collection":[{"href":"https:\/\/bandfmcorumba.agoranoar.com.br\/index.php\/wp-json\/wp\/v2\/posts"}],"about":[{"href":"https:\/\/bandfmcorumba.agoranoar.com.br\/index.php\/wp-json\/wp\/v2\/types\/post"}],"author":[{"embeddable":true,"href":"https:\/\/bandfmcorumba.agoranoar.com.br\/index.php\/wp-json\/wp\/v2\/users\/1"}],"replies":[{"embeddable":true,"href":"https:\/\/bandfmcorumba.agoranoar.com.br\/index.php\/wp-json\/wp\/v2\/comments?post=11756096"}],"version-history":[{"count":0,"href":"https:\/\/bandfmcorumba.agoranoar.com.br\/index.php\/wp-json\/wp\/v2\/posts\/11756096\/revisions"}],"wp:featuredmedia":[{"embeddable":true,"href":"https:\/\/bandfmcorumba.agoranoar.com.br\/index.php\/wp-json\/wp\/v2\/media\/11756097"}],"wp:attachment":[{"href":"https:\/\/bandfmcorumba.agoranoar.com.br\/index.php\/wp-json\/wp\/v2\/media?parent=11756096"}],"wp:term":[{"taxonomy":"category","embeddable":true,"href":"https:\/\/bandfmcorumba.agoranoar.com.br\/index.php\/wp-json\/wp\/v2\/categories?post=11756096"},{"taxonomy":"post_tag","embeddable":true,"href":"https:\/\/bandfmcorumba.agoranoar.com.br\/index.php\/wp-json\/wp\/v2\/tags?post=11756096"}],"curies":[{"name":"wp","href":"https:\/\/api.w.org\/{rel}","templated":true}]}}