{"id":11756090,"date":"2026-07-08T08:35:26","date_gmt":"2026-07-08T12:35:26","guid":{"rendered":"https:\/\/grupopantanalms.com.br\/?p=11756090"},"modified":"2026-07-08T08:35:26","modified_gmt":"2026-07-08T12:35:26","slug":"sol-predomina-e-temperatura-comeca-a-subir-nesta-quarta-feira-em-corumba","status":"publish","type":"post","link":"https:\/\/bandfmcorumba.agoranoar.com.br\/index.php\/2026\/07\/08\/sol-predomina-e-temperatura-comeca-a-subir-nesta-quarta-feira-em-corumba\/","title":{"rendered":"Sol predomina e temperatura come\u00e7a a subir nesta quarta-feira em Corumb\u00e1"},"content":{"rendered":"\n<p class=\"wp-block-paragraph\"><strong>Rosana Nunes<\/strong>&nbsp;em 08 de Julho de 2026<\/p>\n\n\n\n<p class=\"wp-block-paragraph\">Anderson Gallo\/Di\u00e1rio Corumbaense<\/p>\n\n\n\n\n\n<p class=\"wp-block-paragraph\">A temperatura come\u00e7a a subir nesta quarta-feira, 8 de julho, em Corumb\u00e1. A manh\u00e3 come\u00e7ou com 14 graus Celsius e a m\u00e1xima deve ser de 26\u00baC.&nbsp;<\/p>\n\n\n\n<p class=\"wp-block-paragraph\">Segundo a Climatempo, dia de sol, com per\u00edodos de c\u00e9u nublado e n\u00e3o h\u00e1 probabilidade de chuva. Amanh\u00e3 (9), a m\u00e1xima sobe para 30\u00baC, de acordo com a meteorologia.&nbsp;&nbsp;<\/p>\n","protected":false},"excerpt":{"rendered":"<p>Rosana Nunes&nbsp;em 08 de Julho de 2026 Anderson Gallo\/Di\u00e1rio Corumbaense A temperatura come\u00e7a a subir nesta quarta-feira, 8 de julho, em Corumb\u00e1. A manh\u00e3 come\u00e7ou com 14 graus Celsius e a m\u00e1xima deve ser de 26\u00baC.&nbsp; Segundo a Climatempo, dia de sol, com per\u00edodos de c\u00e9u nublado e n\u00e3o h\u00e1 probabilidade de chuva. Amanh\u00e3 (9), [&hellip;]<\/p>\n","protected":false},"author":1,"featured_media":11756091,"comment_status":"closed","ping_status":"open","sticky":false,"template":"","format":"standard","meta":{"footnotes":""},"categories":[2,3],"tags":[],"class_list":["post-11756090","post","type-post","status-publish","format-standard","has-post-thumbnail","hentry","category-corumba","category-destaque"],"_links":{"self":[{"href":"https:\/\/bandfmcorumba.agoranoar.com.br\/index.php\/wp-json\/wp\/v2\/posts\/11756090","targetHints":{"allow":["GET"]}}],"collection":[{"href":"https:\/\/bandfmcorumba.agoranoar.com.br\/index.php\/wp-json\/wp\/v2\/posts"}],"about":[{"href":"https:\/\/bandfmcorumba.agoranoar.com.br\/index.php\/wp-json\/wp\/v2\/types\/post"}],"author":[{"embeddable":true,"href":"https:\/\/bandfmcorumba.agoranoar.com.br\/index.php\/wp-json\/wp\/v2\/users\/1"}],"replies":[{"embeddable":true,"href":"https:\/\/bandfmcorumba.agoranoar.com.br\/index.php\/wp-json\/wp\/v2\/comments?post=11756090"}],"version-history":[{"count":0,"href":"https:\/\/bandfmcorumba.agoranoar.com.br\/index.php\/wp-json\/wp\/v2\/posts\/11756090\/revisions"}],"wp:featuredmedia":[{"embeddable":true,"href":"https:\/\/bandfmcorumba.agoranoar.com.br\/index.php\/wp-json\/wp\/v2\/media\/11756091"}],"wp:attachment":[{"href":"https:\/\/bandfmcorumba.agoranoar.com.br\/index.php\/wp-json\/wp\/v2\/media?parent=11756090"}],"wp:term":[{"taxonomy":"category","embeddable":true,"href":"https:\/\/bandfmcorumba.agoranoar.com.br\/index.php\/wp-json\/wp\/v2\/categories?post=11756090"},{"taxonomy":"post_tag","embeddable":true,"href":"https:\/\/bandfmcorumba.agoranoar.com.br\/index.php\/wp-json\/wp\/v2\/tags?post=11756090"}],"curies":[{"name":"wp","href":"https:\/\/api.w.org\/{rel}","templated":true}]}}