{"id":11756059,"date":"2026-07-06T09:19:44","date_gmt":"2026-07-06T13:19:44","guid":{"rendered":"https:\/\/grupopantanalms.com.br\/?p=11756059"},"modified":"2026-07-06T09:19:44","modified_gmt":"2026-07-06T13:19:44","slug":"homem-foge-de-bloqueio-entra-em-confronto-com-o-choque-e-acaba-morto-em-corumba","status":"publish","type":"post","link":"https:\/\/bandfmcorumba.agoranoar.com.br\/index.php\/2026\/07\/06\/homem-foge-de-bloqueio-entra-em-confronto-com-o-choque-e-acaba-morto-em-corumba\/","title":{"rendered":"Homem foge de bloqueio, entra em confronto com o Choque e acaba morto em Corumb\u00e1"},"content":{"rendered":"\n<p class=\"wp-block-paragraph\"><strong>Rosana Nunes<\/strong>&nbsp;em 06 de Julho de 2026<\/p>\n\n\n\n<p class=\"wp-block-paragraph\">Divulga\u00e7\u00e3o\/Batalh\u00e3o de Choque<\/p>\n\n\n\n\n\n<p class=\"wp-block-paragraph\">Um homem identificado como&nbsp;Marlon de Souza Silva, de 42 anos, morreu ap\u00f3s entrar em confronto com policiais militares na noite de domingo (5), durante a&nbsp;<em>Opera\u00e7\u00e3o Jovem Guerreiro<\/em>, em Corumb\u00e1. A ocorr\u00eancia teve in\u00edcio \u00e0s&nbsp;23h50&nbsp;e foi encerrada na madrugada desta segunda-feira (6), conforme registrado no boletim de ocorr\u00eancia n\u00ba 2850\/2026 ao qual o&nbsp;<strong>Di\u00e1rio Corumbaense<\/strong>&nbsp;teve acesso.<\/p>\n\n\n\n<p class=\"wp-block-paragraph\">Segundo a Pol\u00edcia Militar, equipes do&nbsp;Batalh\u00e3o de Choque (BPChoque), em apoio ao&nbsp;6\u00ba BPM, realizavam patrulhamento ostensivo na regi\u00e3o com foco no combate \u00e0s organiza\u00e7\u00f5es criminosas.<\/p>\n\n\n\n<p class=\"wp-block-paragraph\">Durante um bloqueio policial na&nbsp;BR-262, nas proximidades do km 760, os policiais deram ordem de parada ao condutor de um&nbsp;Renault Duster preto. Conforme o registro policial, o motorista reduziu a velocidade inicialmente, mas acelerou em seguida e fugiu, dando in\u00edcio a um acompanhamento t\u00e1tico.<\/p>\n\n\n\n<p class=\"wp-block-paragraph\">Ap\u00f3s percorrer um trecho da rodovia, o condutor abandonou o ve\u00edculo no acostamento e tentou escapar a p\u00e9 \u00e0s margens da pista. De acordo com a PM, ao ser alcan\u00e7ado e receber ordem de parada, o homem teria efetuado disparos de arma de fogo contra a equipe.<\/p>\n\n\n\n<p class=\"wp-block-paragraph\">Ainda segundo a corpora\u00e7\u00e3o, os policiais reagiram e o atingiram. Ap\u00f3s o confronto, ele foi desarmado e recebeu atendimento no local, sendo posteriormente encaminhado ao Pronto-Socorro Municipal, onde morreu ap\u00f3s tentativas de reanima\u00e7\u00e3o.<\/p>\n\n\n\n<p class=\"wp-block-paragraph\">A ocorr\u00eancia mobilizou equipes da&nbsp;Pol\u00edcia Judici\u00e1ria Militar, da&nbsp;Pol\u00edcia Civil&nbsp;e da&nbsp;Per\u00edcia Criminal, que realizaram os procedimentos de investiga\u00e7\u00e3o e per\u00edcia no local.<\/p>\n\n\n\n<p class=\"wp-block-paragraph\">Com o suspeito, os policiais apreenderam um&nbsp;rev\u00f3lver calibre .38, contendo duas muni\u00e7\u00f5es deflagradas, tr\u00eas muni\u00e7\u00f5es picotadas e uma intacta.&nbsp;<\/p>\n\n\n\n<p class=\"wp-block-paragraph\">Durante a vistoria no ve\u00edculo, os militares localizaram uma mochila contendo&nbsp;3,245 quilos de maconha, escondida atr\u00e1s do banco do motorista.<\/p>\n\n\n\n<p class=\"wp-block-paragraph\">O ve\u00edculo, a droga e a Carteira Nacional de Habilita\u00e7\u00e3o (CNH) de Marlon foram encaminhados \u00e0&nbsp;1\u00aa Delegacia de Pol\u00edcia Civil de Corumb\u00e1, onde o caso foi registrado. As armas permaneceram sob a cust\u00f3dia da Pol\u00edcia Judici\u00e1ria Militar para instru\u00e7\u00e3o do procedimento investigativo.<\/p>\n\n\n\n<p class=\"wp-block-paragraph\"><strong>Cinco mortes<\/strong><\/p>\n\n\n\n<p class=\"wp-block-paragraph\">Com o \u00f3bito de Marlon de Souza Silva, j\u00e1 s\u00e3o cinco homens mortos em a\u00e7\u00f5es de equipes do Batalh\u00e3o de Choque e do BOPE (Batalh\u00e3o de Opera\u00e7\u00f5es Policiais Especiais) em Corumb\u00e1.<\/p>\n\n\n\n<p class=\"wp-block-paragraph\">As ocorr\u00eancias tiveram in\u00edcio ap\u00f3s a morte do soldado da Pol\u00edcia Militar, Marcelo Pimenta da Silva, de 32 anos baleado com tiros de fuzil durante uma persegui\u00e7\u00e3o a criminosos na noite de 30 de junho, em um ataque a resid\u00eancia que come\u00e7ou em Lad\u00e1rio e terminou em Corumb\u00e1. A opera\u00e7\u00e3o denominada &#8220;<em>Jovem Guerreiro<\/em>&#8221; \u00e9 em homenagem ao militar.<\/p>\n\n\n\n<p class=\"wp-block-paragraph\">Desde a quarta-feira, 1\u00ba de julho, morreram&nbsp;Everton da Silva Viana (41) e Rubens Zilio Neto (35), apontados pelas investiga\u00e7\u00f5es como envolvidos diretamente no assassinato do policial militar; Alixberto Vasquez Corrales, de 32 anos, e Luis David Justiniano Flores, de 29 anos. Segundo a Pol\u00edcia Militar, ambos tinham antecedentes por tr\u00e1fico de drogas e eram suspeitos de prestar apoio log\u00edstico ao grupo respons\u00e1vel pelo atentado que resultou na morte do soldado Marcelo Pimenta.<\/p>\n\n\n\n<p class=\"wp-block-paragraph\">As circunst\u00e2ncias de todas as ocorr\u00eancias seguem sendo apuradas pelas autoridades policiais.<\/p>\n","protected":false},"excerpt":{"rendered":"<p>Rosana Nunes&nbsp;em 06 de Julho de 2026 Divulga\u00e7\u00e3o\/Batalh\u00e3o de Choque Um homem identificado como&nbsp;Marlon de Souza Silva, de 42 anos, morreu ap\u00f3s entrar em confronto com policiais militares na noite de domingo (5), durante a&nbsp;Opera\u00e7\u00e3o Jovem Guerreiro, em Corumb\u00e1. A ocorr\u00eancia teve in\u00edcio \u00e0s&nbsp;23h50&nbsp;e foi encerrada na madrugada desta segunda-feira (6), conforme registrado no boletim [&hellip;]<\/p>\n","protected":false},"author":1,"featured_media":11756060,"comment_status":"closed","ping_status":"open","sticky":false,"template":"","format":"standard","meta":{"footnotes":""},"categories":[2],"tags":[],"class_list":["post-11756059","post","type-post","status-publish","format-standard","has-post-thumbnail","hentry","category-corumba"],"_links":{"self":[{"href":"https:\/\/bandfmcorumba.agoranoar.com.br\/index.php\/wp-json\/wp\/v2\/posts\/11756059","targetHints":{"allow":["GET"]}}],"collection":[{"href":"https:\/\/bandfmcorumba.agoranoar.com.br\/index.php\/wp-json\/wp\/v2\/posts"}],"about":[{"href":"https:\/\/bandfmcorumba.agoranoar.com.br\/index.php\/wp-json\/wp\/v2\/types\/post"}],"author":[{"embeddable":true,"href":"https:\/\/bandfmcorumba.agoranoar.com.br\/index.php\/wp-json\/wp\/v2\/users\/1"}],"replies":[{"embeddable":true,"href":"https:\/\/bandfmcorumba.agoranoar.com.br\/index.php\/wp-json\/wp\/v2\/comments?post=11756059"}],"version-history":[{"count":0,"href":"https:\/\/bandfmcorumba.agoranoar.com.br\/index.php\/wp-json\/wp\/v2\/posts\/11756059\/revisions"}],"wp:featuredmedia":[{"embeddable":true,"href":"https:\/\/bandfmcorumba.agoranoar.com.br\/index.php\/wp-json\/wp\/v2\/media\/11756060"}],"wp:attachment":[{"href":"https:\/\/bandfmcorumba.agoranoar.com.br\/index.php\/wp-json\/wp\/v2\/media?parent=11756059"}],"wp:term":[{"taxonomy":"category","embeddable":true,"href":"https:\/\/bandfmcorumba.agoranoar.com.br\/index.php\/wp-json\/wp\/v2\/categories?post=11756059"},{"taxonomy":"post_tag","embeddable":true,"href":"https:\/\/bandfmcorumba.agoranoar.com.br\/index.php\/wp-json\/wp\/v2\/tags?post=11756059"}],"curies":[{"name":"wp","href":"https:\/\/api.w.org\/{rel}","templated":true}]}}