{"id":11756040,"date":"2026-07-03T14:20:01","date_gmt":"2026-07-03T18:20:01","guid":{"rendered":"https:\/\/grupopantanalms.com.br\/?p=11756040"},"modified":"2026-07-03T14:20:01","modified_gmt":"2026-07-03T18:20:01","slug":"projeto-de-hanna-atualiza-lei-e-regulariza-denominacao-da-cidade-dom-bosco-em-corumba","status":"publish","type":"post","link":"https:\/\/bandfmcorumba.agoranoar.com.br\/index.php\/2026\/07\/03\/projeto-de-hanna-atualiza-lei-e-regulariza-denominacao-da-cidade-dom-bosco-em-corumba\/","title":{"rendered":"Projeto de Hanna atualiza lei e regulariza denomina\u00e7\u00e3o da Cidade Dom Bosco em Corumb\u00e1"},"content":{"rendered":"\n<p class=\"wp-block-paragraph\"><img loading=\"lazy\" decoding=\"async\" width=\"26\" height=\"26\" alt=\"\" src=\"https:\/\/folhams.com.br\/wp-content\/uploads\/2020\/01\/WEBER-75x75.jpg\">Por<a href=\"https:\/\/folhams.com.br\/author\/weber-reis\/\">Weber Reis<\/a>3 de julho de 2026<\/p>\n\n\n\n\n\n<p class=\"wp-block-paragraph\">A vereadora Hanna Ellen Santana apresentou na C\u00e2mara Municipal de Corumb\u00e1 um Projeto de Lei Ordin\u00e1ria que atualiza a reda\u00e7\u00e3o da Lei Municipal n\u00ba 489, de 8 de novembro de 1966, respons\u00e1vel por declarar de utilidade p\u00fablica municipal a Cidade Dom Bosco. A proposta busca adequar a legisla\u00e7\u00e3o \u00e0 atual denomina\u00e7\u00e3o da entidade e \u00e0s atividades que ela desenvolve no munic\u00edpio.<\/p>\n\n\n\n<p class=\"wp-block-paragraph\">Pelo texto, os artigos 1\u00ba e 2\u00ba da lei passam a reconhecer oficialmente a&nbsp;<strong>Miss\u00e3o Salesiana de Mato Grosso \u2013 Cidade Dom Bosco<\/strong>, organiza\u00e7\u00e3o da sociedade civil sem fins lucrativos, inscrita no Cadastro Nacional da Pessoa Jur\u00eddica, CNPJ n\u00ba 03.226.149\/0019-00, com sede em Corumb\u00e1.<\/p>\n\n\n\n<p class=\"wp-block-paragraph\">A atualiza\u00e7\u00e3o tamb\u00e9m especifica que a institui\u00e7\u00e3o presta gratuitamente servi\u00e7os socioassistenciais de prote\u00e7\u00e3o social b\u00e1sica e mant\u00e9m programas, projetos e a\u00e7\u00f5es voltados \u00e0s \u00e1reas de educa\u00e7\u00e3o, cultura e profissionaliza\u00e7\u00e3o. As atividades s\u00e3o direcionadas ao desenvolvimento integral de crian\u00e7as, adolescentes, jovens e de suas fam\u00edlias.<\/p>\n\n\n\n<h3 class=\"wp-block-heading\">Atualiza\u00e7\u00e3o busca adequa\u00e7\u00e3o jur\u00eddica<\/h3>\n\n\n\n<p class=\"wp-block-paragraph\">Na justificativa da proposta, Hanna Ellen Santana explica que a legisla\u00e7\u00e3o em vigor foi criada h\u00e1 quase seis d\u00e9cadas e j\u00e1 n\u00e3o corresponde \u00e0 realidade institucional da entidade, que passou por mudan\u00e7as em sua identifica\u00e7\u00e3o oficial ao longo dos anos.<\/p>\n\n\n\n<p class=\"wp-block-paragraph\">Segundo a parlamentar, a medida \u00e9 necess\u00e1ria para compatibilizar a lei municipal com a atual denomina\u00e7\u00e3o da institui\u00e7\u00e3o, sua inscri\u00e7\u00e3o no CNPJ e as atividades efetivamente desenvolvidas, evitando diverg\u00eancias entre a legisla\u00e7\u00e3o e os registros utilizados perante \u00f3rg\u00e3os p\u00fablicos e parceiros.<\/p>\n\n\n\n<p class=\"wp-block-paragraph\">A vereadora ressalta que a iniciativa n\u00e3o representa uma nova declara\u00e7\u00e3o de utilidade p\u00fablica. Conforme a justificativa, o objetivo \u00e9 preservar a continuidade do reconhecimento concedido em 1966, promovendo maior seguran\u00e7a jur\u00eddica e adequa\u00e7\u00e3o administrativa.<\/p>\n\n\n\n<p class=\"wp-block-paragraph\">Atualmente, a Miss\u00e3o Salesiana de Mato Grosso \u2013 Cidade Dom Bosco desenvolve a\u00e7\u00f5es de interesse p\u00fablico nas \u00e1reas da assist\u00eancia social, educa\u00e7\u00e3o, cultura e qualifica\u00e7\u00e3o profissional. A atua\u00e7\u00e3o inclui programas voltados \u00e0 promo\u00e7\u00e3o da cidadania, fortalecimento dos v\u00ednculos familiares e comunit\u00e1rios e atendimento de crian\u00e7as, adolescentes, jovens e suas fam\u00edlias.<\/p>\n\n\n\n<p class=\"wp-block-paragraph\">O projeto tamb\u00e9m destaca que a institui\u00e7\u00e3o mant\u00e9m v\u00ednculo hist\u00f3rico com a Congrega\u00e7\u00e3o Salesiana e realiza atividades religiosas compat\u00edveis com seus objetivos estatut\u00e1rios, preservando o atendimento universal, sem discrimina\u00e7\u00e3o e com respeito \u00e0 liberdade de consci\u00eancia e de cren\u00e7a.<\/p>\n\n\n\n<p class=\"wp-block-paragraph\">Em sua justificativa, Hanna afirma que \u201cA atualiza\u00e7\u00e3o proposta n\u00e3o constitui nova declara\u00e7\u00e3o de utilidade p\u00fablica, mas medida de adequa\u00e7\u00e3o e seguran\u00e7a jur\u00eddica destinada a preservar a continuidade do reconhecimento conferido pela Lei Municipal n\u00ba 489, de 1966, evitando-se diverg\u00eancias entre a identifica\u00e7\u00e3o constante da legisla\u00e7\u00e3o municipal, os documentos institucionais e os registros utilizados perante \u00f3rg\u00e3os p\u00fablicos, parceiros e demais institui\u00e7\u00f5es\u201d.<\/p>\n","protected":false},"excerpt":{"rendered":"<p>PorWeber Reis3 de julho de 2026 A vereadora Hanna Ellen Santana apresentou na C\u00e2mara Municipal de Corumb\u00e1 um Projeto de Lei Ordin\u00e1ria que atualiza a reda\u00e7\u00e3o da Lei Municipal n\u00ba 489, de 8 de novembro de 1966, respons\u00e1vel por declarar de utilidade p\u00fablica municipal a Cidade Dom Bosco. A proposta busca adequar a legisla\u00e7\u00e3o \u00e0 [&hellip;]<\/p>\n","protected":false},"author":1,"featured_media":11756041,"comment_status":"closed","ping_status":"open","sticky":false,"template":"","format":"standard","meta":{"footnotes":""},"categories":[2],"tags":[],"class_list":["post-11756040","post","type-post","status-publish","format-standard","has-post-thumbnail","hentry","category-corumba"],"_links":{"self":[{"href":"https:\/\/bandfmcorumba.agoranoar.com.br\/index.php\/wp-json\/wp\/v2\/posts\/11756040","targetHints":{"allow":["GET"]}}],"collection":[{"href":"https:\/\/bandfmcorumba.agoranoar.com.br\/index.php\/wp-json\/wp\/v2\/posts"}],"about":[{"href":"https:\/\/bandfmcorumba.agoranoar.com.br\/index.php\/wp-json\/wp\/v2\/types\/post"}],"author":[{"embeddable":true,"href":"https:\/\/bandfmcorumba.agoranoar.com.br\/index.php\/wp-json\/wp\/v2\/users\/1"}],"replies":[{"embeddable":true,"href":"https:\/\/bandfmcorumba.agoranoar.com.br\/index.php\/wp-json\/wp\/v2\/comments?post=11756040"}],"version-history":[{"count":0,"href":"https:\/\/bandfmcorumba.agoranoar.com.br\/index.php\/wp-json\/wp\/v2\/posts\/11756040\/revisions"}],"wp:featuredmedia":[{"embeddable":true,"href":"https:\/\/bandfmcorumba.agoranoar.com.br\/index.php\/wp-json\/wp\/v2\/media\/11756041"}],"wp:attachment":[{"href":"https:\/\/bandfmcorumba.agoranoar.com.br\/index.php\/wp-json\/wp\/v2\/media?parent=11756040"}],"wp:term":[{"taxonomy":"category","embeddable":true,"href":"https:\/\/bandfmcorumba.agoranoar.com.br\/index.php\/wp-json\/wp\/v2\/categories?post=11756040"},{"taxonomy":"post_tag","embeddable":true,"href":"https:\/\/bandfmcorumba.agoranoar.com.br\/index.php\/wp-json\/wp\/v2\/tags?post=11756040"}],"curies":[{"name":"wp","href":"https:\/\/api.w.org\/{rel}","templated":true}]}}