{"id":11756037,"date":"2026-07-03T14:18:36","date_gmt":"2026-07-03T18:18:36","guid":{"rendered":"https:\/\/grupopantanalms.com.br\/?p=11756037"},"modified":"2026-07-03T14:18:36","modified_gmt":"2026-07-03T18:18:36","slug":"concurso-publico-corumba-convoca-aprovados-para-exames-entrega-de-documentos-e-posse","status":"publish","type":"post","link":"https:\/\/bandfmcorumba.agoranoar.com.br\/index.php\/2026\/07\/03\/concurso-publico-corumba-convoca-aprovados-para-exames-entrega-de-documentos-e-posse\/","title":{"rendered":"Concurso P\u00fablico Corumb\u00e1 convoca aprovados para exames, entrega de documentos e posse"},"content":{"rendered":"\n<p class=\"wp-block-paragraph\"><img loading=\"lazy\" decoding=\"async\" width=\"26\" height=\"26\" alt=\"Lucas Meirelles\" src=\"https:\/\/folhams.com.br\/wp-content\/uploads\/2026\/02\/lucas-meirelles-150x150.webp\">Por<a href=\"https:\/\/folhams.com.br\/author\/lucas-meirelles\/\">Lucas Meirelles<\/a>3 de julho de 2026<\/p>\n\n\n\n\n\n<p class=\"wp-block-paragraph\">A Prefeitura de Corumb\u00e1 publicou na edi\u00e7\u00e3o de quinta-feira, 2 de julho, do DIOCORUMB\u00c1 o Edital n\u00b0 08\/2026-SEPRAD que convoca os candidatos aprovados no Concurso P\u00fablico regido pelo Edital n\u00b0 01\/01\/2024 para as etapas de exame m\u00e9dico-pericial, entrega de documenta\u00e7\u00e3o e posse em cargos efetivos do quadro municipal.<\/p>\n\n\n\n<p class=\"wp-block-paragraph\">A convoca\u00e7\u00e3o abrange cargos de n\u00edveis fundamental, m\u00e9dio e superior destinados ao quadro permanente do Poder Executivo Municipal, incluindo fun\u00e7\u00f5es como agente de atividades organizacionais, motoristas de ve\u00edculos leves e pesados, auxiliar de farm\u00e1cia, t\u00e9cnicos da \u00e1rea da sa\u00fade, assistente de a\u00e7\u00f5es sociais, cuidador social, engenheiro eletricista, pedagogo, nutricionista, enfermeiro, farmac\u00eautico e professores da Educa\u00e7\u00e3o Infantil, Ensino Fundamental e Educa\u00e7\u00e3o do Campo.<\/p>\n\n\n\n<p class=\"wp-block-paragraph\">A entrega da documenta\u00e7\u00e3o exigida para a posse ser\u00e1 realizada nos dias 9 e 10 de julho, a partir das 9 horas, no Audit\u00f3rio da Prefeitura de Corumb\u00e1, na Avenida Gabriel Vandoni de Barros, n\u00ba 01, bairro Dom Bosco, de acordo com o cronograma publicado no edital.<\/p>\n\n\n\n<p class=\"wp-block-paragraph\">Os candidatos dever\u00e3o apresentar os documentos originais acompanhados de c\u00f3pias, ou na aus\u00eancia dos originais, c\u00f3pias autenticadas em cart\u00f3rio, conforme determina o edital.<\/p>\n\n\n\n<p class=\"wp-block-paragraph\">Entre os documentos obrigat\u00f3rios est\u00e3o documento de identidade, CPF, comprovante de resid\u00eancia, t\u00edtulo de eleitor com comprovante de quita\u00e7\u00e3o eleitoral, comprovante de escolaridade, registro no respectivo conselho profissional quando exigido para o cargo, certid\u00f5es c\u00edveis e criminais, certid\u00e3o de nascimento ou casamento e demais documentos previstos no edital.<\/p>\n\n\n\n<p class=\"wp-block-paragraph\">O exame m\u00e9dico-pericial est\u00e1 agendado para os dias 13 e 14 de julho e ser\u00e1 realizado no Centro Municipal de Sa\u00fade Ocupacional e Per\u00edcia dos Servidores. Para a avalia\u00e7\u00e3o, \u00e9 obrigat\u00f3ria a apresenta\u00e7\u00e3o dos exames laboratoriais e complementares previstos no edital, que incluem hemograma, glicemia, eletrocardiograma, radiografias, avalia\u00e7\u00e3o psicol\u00f3gica e demais laudos solicitados.<\/p>\n\n\n\n<p class=\"wp-block-paragraph\">Os exames laboratoriais e complementares dever\u00e3o ter sido realizados h\u00e1 menos de 90 dias e ser\u00e3o custeados pelos pr\u00f3prios candidatos. O n\u00e3o comparecimento na data e hor\u00e1rio marcados implicar\u00e1 elimina\u00e7\u00e3o do concurso, conforme as regras do edital.<\/p>\n\n\n\n<p class=\"wp-block-paragraph\">A posse dos convocados ocorrer\u00e1 nos dias 24 e 27 de julho, tamb\u00e9m no Audit\u00f3rio da Prefeitura, respeitando o cronograma individual constante do Anexo III do edital. Na cerim\u00f4nia de investidura, os aprovados assinar\u00e3o declara\u00e7\u00f5es e termos exigidos para a investidura no cargo, incluindo declara\u00e7\u00e3o de bens, termo de posse e termo de exerc\u00edcio.<\/p>\n\n\n\n<p class=\"wp-block-paragraph\">O edital prev\u00ea ainda a possibilidade de o candidato solicitar, dentro dos prazos estabelecidos, prorroga\u00e7\u00e3o da posse por at\u00e9 30 dias ou prorroga\u00e7\u00e3o do in\u00edcio do exerc\u00edcio por at\u00e9 15 dias. \u00c9 permitida, uma \u00fanica vez, a solicita\u00e7\u00e3o de deslocamento para o final da lista de classifica\u00e7\u00e3o, desde que o pedido seja protocolado at\u00e9 a data prevista para a posse.<\/p>\n\n\n\n<p class=\"wp-block-paragraph\">A rela\u00e7\u00e3o completa dos candidatos convocados, os cronogramas detalhados de entrega de documentos, exames m\u00e9dicos e posse, bem como a lista integral de documentos exigidos, est\u00e1 dispon\u00edvel no Edital n\u00b0 08\/2026-SEPRAD, publicado na edi\u00e7\u00e3o de 2 de julho do DIOCORUMB\u00c1.<\/p>\n","protected":false},"excerpt":{"rendered":"<p>PorLucas Meirelles3 de julho de 2026 A Prefeitura de Corumb\u00e1 publicou na edi\u00e7\u00e3o de quinta-feira, 2 de julho, do DIOCORUMB\u00c1 o Edital n\u00b0 08\/2026-SEPRAD que convoca os candidatos aprovados no Concurso P\u00fablico regido pelo Edital n\u00b0 01\/01\/2024 para as etapas de exame m\u00e9dico-pericial, entrega de documenta\u00e7\u00e3o e posse em cargos efetivos do quadro municipal. A [&hellip;]<\/p>\n","protected":false},"author":1,"featured_media":11756038,"comment_status":"closed","ping_status":"open","sticky":false,"template":"","format":"standard","meta":{"footnotes":""},"categories":[2],"tags":[],"class_list":["post-11756037","post","type-post","status-publish","format-standard","has-post-thumbnail","hentry","category-corumba"],"_links":{"self":[{"href":"https:\/\/bandfmcorumba.agoranoar.com.br\/index.php\/wp-json\/wp\/v2\/posts\/11756037","targetHints":{"allow":["GET"]}}],"collection":[{"href":"https:\/\/bandfmcorumba.agoranoar.com.br\/index.php\/wp-json\/wp\/v2\/posts"}],"about":[{"href":"https:\/\/bandfmcorumba.agoranoar.com.br\/index.php\/wp-json\/wp\/v2\/types\/post"}],"author":[{"embeddable":true,"href":"https:\/\/bandfmcorumba.agoranoar.com.br\/index.php\/wp-json\/wp\/v2\/users\/1"}],"replies":[{"embeddable":true,"href":"https:\/\/bandfmcorumba.agoranoar.com.br\/index.php\/wp-json\/wp\/v2\/comments?post=11756037"}],"version-history":[{"count":0,"href":"https:\/\/bandfmcorumba.agoranoar.com.br\/index.php\/wp-json\/wp\/v2\/posts\/11756037\/revisions"}],"wp:featuredmedia":[{"embeddable":true,"href":"https:\/\/bandfmcorumba.agoranoar.com.br\/index.php\/wp-json\/wp\/v2\/media\/11756038"}],"wp:attachment":[{"href":"https:\/\/bandfmcorumba.agoranoar.com.br\/index.php\/wp-json\/wp\/v2\/media?parent=11756037"}],"wp:term":[{"taxonomy":"category","embeddable":true,"href":"https:\/\/bandfmcorumba.agoranoar.com.br\/index.php\/wp-json\/wp\/v2\/categories?post=11756037"},{"taxonomy":"post_tag","embeddable":true,"href":"https:\/\/bandfmcorumba.agoranoar.com.br\/index.php\/wp-json\/wp\/v2\/tags?post=11756037"}],"curies":[{"name":"wp","href":"https:\/\/api.w.org\/{rel}","templated":true}]}}