{"id":11756034,"date":"2026-07-03T14:16:29","date_gmt":"2026-07-03T18:16:29","guid":{"rendered":"https:\/\/grupopantanalms.com.br\/?p=11756034"},"modified":"2026-07-03T14:16:29","modified_gmt":"2026-07-03T18:16:29","slug":"10a-conferencia-municipal-de-saude-de-corumba-homenageia-liderancas-e-profissionais","status":"publish","type":"post","link":"https:\/\/bandfmcorumba.agoranoar.com.br\/index.php\/2026\/07\/03\/10a-conferencia-municipal-de-saude-de-corumba-homenageia-liderancas-e-profissionais\/","title":{"rendered":"10\u00aa Confer\u00eancia Municipal de Sa\u00fade de Corumb\u00e1 homenageia lideran\u00e7as e profissionais"},"content":{"rendered":"\n<p class=\"wp-block-paragraph\"><img loading=\"lazy\" decoding=\"async\" width=\"26\" height=\"26\" alt=\"Lucas Meirelles\" src=\"https:\/\/folhams.com.br\/wp-content\/uploads\/2026\/02\/lucas-meirelles-150x150.webp\">Por<a href=\"https:\/\/folhams.com.br\/author\/lucas-meirelles\/\">Lucas Meirelles<\/a>3 de julho de 2026<\/p>\n\n\n\n\n\n<p class=\"wp-block-paragraph\">Na cerim\u00f4nia de abertura realizada na noite de quinta-feira, 2 de julho, a organiza\u00e7\u00e3o prestou homenagens a profissionais, conselheiros e lideran\u00e7as reconhecidos pelo papel na consolida\u00e7\u00e3o e no fortalecimento do Sistema \u00danico de Sa\u00fade no munic\u00edpio.<\/p>\n\n\n\n<p class=\"wp-block-paragraph\">Receberam reconhecimento os conselheiros estaduais de sa\u00fade que representaram Corumb\u00e1: Marcela Fardim, Eliane Duarte e Reinaldo Aparecido dos Santos, cujas trajet\u00f3rias foram destacadas durante a solenidade.<\/p>\n\n\n\n<h3 class=\"wp-block-heading\">LEIA TAMB\u00c9M<\/h3>\n\n\n\n<ul class=\"wp-block-list\">\n<li><a href=\"https:\/\/folhams.com.br\/2026\/06\/24\/prisao-domiciliar-de-bolsonaro-e-alvo-de-pedido-de-prorrogacao-a-moraes\/\">Pris\u00e3o domiciliar de Bolsonaro \u00e9 alvo de pedido de prorroga\u00e7\u00e3o a Moraes<\/a><\/li>\n\n\n\n<li><a href=\"https:\/\/folhams.com.br\/2026\/06\/29\/roubos-de-carga-em-sao-paulo-registram-queda-de-37-em-maio\/\">Roubos de carga em S\u00e3o Paulo registram queda de 37% em maio<\/a><\/li>\n<\/ul>\n\n\n\n<p class=\"wp-block-paragraph\">Tamb\u00e9m foi homenageado Davi Vital do Ros\u00e1rio pelo trabalho desenvolvido na representa\u00e7\u00e3o de Corumb\u00e1 e de Mato Grosso do Sul nos Conselhos Estadual e Nacional de Sa\u00fade, ligado \u00e0 participa\u00e7\u00e3o do munic\u00edpio nos f\u00f3runs de refer\u00eancia no tema.<\/p>\n\n\n\n<p class=\"wp-block-paragraph\">Pela cria\u00e7\u00e3o do F\u00f3rum dos Trabalhadores da Sa\u00fade foram reconhecidos Mariluce Le\u00e3o e Melchora Iba\u00f1es. Pela funda\u00e7\u00e3o do F\u00f3rum dos Usu\u00e1rios do SUS receberam homenagem Leia Vilalva de Moraes e Valt\u00eania \u00c1guida, esta \u00faltima in memoriam.<\/p>\n\n\n\n<p class=\"wp-block-paragraph\">A solenidade ressaltou igualmente contribui\u00e7\u00f5es institucionais importantes para a vida do conselho e da gest\u00e3o local, entre elas as de Nelly Ramona dos Santos, primeira secret\u00e1ria do Conselho Municipal de Sa\u00fade; do professor doutor Sidney Mella J\u00fanior, diretor da Unicesumar e parceiro da sa\u00fade p\u00fablica em Corumb\u00e1; e de Ahmad Schabib Hany, fundador do Conselho Municipal de Sa\u00fade.<\/p>\n\n\n\n<p class=\"wp-block-paragraph\">A programa\u00e7\u00e3o prosseguiu nesta sexta-feira, 3 de julho, com a realiza\u00e7\u00e3o dos grupos de trabalho, a vota\u00e7\u00e3o das propostas e a elei\u00e7\u00e3o dos delegados que representar\u00e3o o munic\u00edpio na etapa estadual da confer\u00eancia.<\/p>\n\n\n\n<p class=\"wp-block-paragraph\">As atividades come\u00e7aram \u00e0s 8 horas com orienta\u00e7\u00f5es gerais e a instala\u00e7\u00e3o dos grupos de trabalho. Entre 8h30 e 11 horas os participantes discutiram propostas organizadas em quatro eixos tem\u00e1ticos que nortearam os debates.<\/p>\n\n\n\n<p class=\"wp-block-paragraph\">O primeiro eixo tratou da democracia, do direito \u00e0 sa\u00fade, da soberania nacional e da avalia\u00e7\u00e3o do cen\u00e1rio da sa\u00fade em Corumb\u00e1. O segundo eixo abordou o financiamento do SUS com foco na garantia de recursos adequados e sustent\u00e1veis para a continuidade e amplia\u00e7\u00e3o dos servi\u00e7os.<\/p>\n\n\n\n<p class=\"wp-block-paragraph\">O terceiro eixo discutiu desafios contempor\u00e2neos enfrentados pelo sistema de sa\u00fade, incluindo os impactos das emerg\u00eancias clim\u00e1ticas e a justi\u00e7a socioambiental. O quarto eixo foi dedicado aos modelos de aten\u00e7\u00e3o e gest\u00e3o, com \u00eanfase na integra\u00e7\u00e3o dos territ\u00f3rios, no fortalecimento da rede de servi\u00e7os e na oferta de cuidado integral \u00e0 popula\u00e7\u00e3o.<\/p>\n\n\n\n<p class=\"wp-block-paragraph\">No per\u00edodo da tarde, os relatores consolidiram as propostas elaboradas pelos grupos e entre 14h e 16h ocorreu a plen\u00e1ria final, quando as propostas foram apreciadas e votadas pelos delegados presentes.<\/p>\n\n\n\n<p class=\"wp-block-paragraph\">Em seguida, das 16h \u00e0s 17h30, realizou-se a elei\u00e7\u00e3o dos delegados que levar\u00e3o as propostas constru\u00eddas em Corumb\u00e1 para a etapa estadual da Confer\u00eancia de Sa\u00fade. O encerramento foi previsto para as 18 horas com a leitura dos encaminhamentos finais e a aprova\u00e7\u00e3o da ata resumida do evento.<\/p>\n\n\n\n<p class=\"wp-block-paragraph\">Al\u00e9m da programa\u00e7\u00e3o t\u00e9cnica os participantes puderam conhecer o espa\u00e7o Tendas Sa\u00fade com Pr\u00e1ticas Integrativas e Complementares, desenvolvido em parceria com a Unicesumar e movimentos sociais, que ofereceu atendimentos e viv\u00eancias voltados \u00e0 promo\u00e7\u00e3o do bem-estar, como quick massage, auriculoterapia, aromaterapia, reiki, medita\u00e7\u00e3o e t\u00e9cnicas de relaxamento inspiradas nos princ\u00edpios da educa\u00e7\u00e3o popular em sa\u00fade.<\/p>\n","protected":false},"excerpt":{"rendered":"<p>PorLucas Meirelles3 de julho de 2026 Na cerim\u00f4nia de abertura realizada na noite de quinta-feira, 2 de julho, a organiza\u00e7\u00e3o prestou homenagens a profissionais, conselheiros e lideran\u00e7as reconhecidos pelo papel na consolida\u00e7\u00e3o e no fortalecimento do Sistema \u00danico de Sa\u00fade no munic\u00edpio. Receberam reconhecimento os conselheiros estaduais de sa\u00fade que representaram Corumb\u00e1: Marcela Fardim, Eliane [&hellip;]<\/p>\n","protected":false},"author":1,"featured_media":11756035,"comment_status":"closed","ping_status":"open","sticky":false,"template":"","format":"standard","meta":{"footnotes":""},"categories":[2,3],"tags":[],"class_list":["post-11756034","post","type-post","status-publish","format-standard","has-post-thumbnail","hentry","category-corumba","category-destaque"],"_links":{"self":[{"href":"https:\/\/bandfmcorumba.agoranoar.com.br\/index.php\/wp-json\/wp\/v2\/posts\/11756034","targetHints":{"allow":["GET"]}}],"collection":[{"href":"https:\/\/bandfmcorumba.agoranoar.com.br\/index.php\/wp-json\/wp\/v2\/posts"}],"about":[{"href":"https:\/\/bandfmcorumba.agoranoar.com.br\/index.php\/wp-json\/wp\/v2\/types\/post"}],"author":[{"embeddable":true,"href":"https:\/\/bandfmcorumba.agoranoar.com.br\/index.php\/wp-json\/wp\/v2\/users\/1"}],"replies":[{"embeddable":true,"href":"https:\/\/bandfmcorumba.agoranoar.com.br\/index.php\/wp-json\/wp\/v2\/comments?post=11756034"}],"version-history":[{"count":0,"href":"https:\/\/bandfmcorumba.agoranoar.com.br\/index.php\/wp-json\/wp\/v2\/posts\/11756034\/revisions"}],"wp:featuredmedia":[{"embeddable":true,"href":"https:\/\/bandfmcorumba.agoranoar.com.br\/index.php\/wp-json\/wp\/v2\/media\/11756035"}],"wp:attachment":[{"href":"https:\/\/bandfmcorumba.agoranoar.com.br\/index.php\/wp-json\/wp\/v2\/media?parent=11756034"}],"wp:term":[{"taxonomy":"category","embeddable":true,"href":"https:\/\/bandfmcorumba.agoranoar.com.br\/index.php\/wp-json\/wp\/v2\/categories?post=11756034"},{"taxonomy":"post_tag","embeddable":true,"href":"https:\/\/bandfmcorumba.agoranoar.com.br\/index.php\/wp-json\/wp\/v2\/tags?post=11756034"}],"curies":[{"name":"wp","href":"https:\/\/api.w.org\/{rel}","templated":true}]}}