{"id":11756031,"date":"2026-07-03T14:15:12","date_gmt":"2026-07-03T18:15:12","guid":{"rendered":"https:\/\/grupopantanalms.com.br\/?p=11756031"},"modified":"2026-07-03T14:15:12","modified_gmt":"2026-07-03T18:15:12","slug":"motociclista-morre-apos-queda-em-poca-na-br-463-em-ponta-pora","status":"publish","type":"post","link":"https:\/\/bandfmcorumba.agoranoar.com.br\/index.php\/2026\/07\/03\/motociclista-morre-apos-queda-em-poca-na-br-463-em-ponta-pora\/","title":{"rendered":"Motociclista morre ap\u00f3s queda em po\u00e7a na BR-463 em Ponta Por\u00e3"},"content":{"rendered":"\n<p class=\"wp-block-paragraph\"><img loading=\"lazy\" decoding=\"async\" width=\"26\" height=\"26\" alt=\"\" src=\"https:\/\/folhams.com.br\/wp-content\/uploads\/2026\/02\/avatar-150x150.jpg\">Por<a href=\"https:\/\/folhams.com.br\/author\/erik-silva\/\">Erik Silva<\/a>3 de julho de 2026<\/p>\n\n\n\n\n\n<h2 class=\"wp-block-heading\">Motociclista de 47 anos morreu ap\u00f3s cair em po\u00e7a na BR-463 pr\u00f3ximo a trevo na sa\u00edda de Ponta Por\u00e3 para Dourados em manh\u00e3 de forte neblina que reduzia a visibilidade<\/h2>\n\n\n\n<p class=\"wp-block-paragraph\">Raimundo Gimenes, 47 anos, morreu na manh\u00e3 desta sexta-feira ap\u00f3s perder o controle da motocicleta e cair em uma po\u00e7a na BR-463, na sa\u00edda de Ponta Por\u00e3 para Dourados.<\/p>\n\n\n\n<p class=\"wp-block-paragraph\">Pessoas que passavam pela rodovia perceberam o homem inconsciente em meio \u00e0 lama e acionaram a Pol\u00edcia Rodovi\u00e1ria Federal, que registrou visibilidade inferior a 10 metros devido \u00e0 densa neblina.<\/p>\n\n\n\n<p class=\"wp-block-paragraph\">Em levantamento inicial, os policiais rodovi\u00e1rios federais n\u00e3o encontraram sinais de colis\u00e3o e apontaram a falta de visibilidade como causa prov\u00e1vel da perda de controle, quando a roda dianteira bateu no meio-fio e o motociclista foi arremessado dentro da po\u00e7a e pode ter morrido afogado.<\/p>\n\n\n\n<p class=\"wp-block-paragraph\">Raimundo trabalhava como gari da prefeitura e seguia em dire\u00e7\u00e3o ao distrito de Sanga Puit\u00e3, e&nbsp;<a href=\"https:\/\/folhams.com.br\/2026\/06\/27\/motociclista-fica-ferido-apos-batida-com-carro-em-cruzamento-proximo-ao-cemiterio-santa-cruz\/\" target=\"_blank\" rel=\"noreferrer noopener\">o acidente ocorreu<\/a>&nbsp;em um&nbsp;<a href=\"https:\/\/folhams.com.br\/2026\/05\/01\/investimento-em-estradas-e-responsavel-por-reduzir-distancias-e-melhorar-mobilidade\/\" target=\"_blank\" rel=\"noreferrer noopener\">trevo com bifurca\u00e7\u00e3o<\/a>&nbsp;em frente a uma empresa de recapagem.<\/p>\n\n\n\n<p class=\"wp-block-paragraph\">Peritos da Pol\u00edcia Cient\u00edfica e equipes da Pol\u00edcia Civil fizeram os levantamentos de rotina no local.<\/p>\n","protected":false},"excerpt":{"rendered":"<p>PorErik Silva3 de julho de 2026 Motociclista de 47 anos morreu ap\u00f3s cair em po\u00e7a na BR-463 pr\u00f3ximo a trevo na sa\u00edda de Ponta Por\u00e3 para Dourados em manh\u00e3 de forte neblina que reduzia a visibilidade Raimundo Gimenes, 47 anos, morreu na manh\u00e3 desta sexta-feira ap\u00f3s perder o controle da motocicleta e cair em uma [&hellip;]<\/p>\n","protected":false},"author":1,"featured_media":11756032,"comment_status":"closed","ping_status":"open","sticky":false,"template":"","format":"standard","meta":{"footnotes":""},"categories":[7],"tags":[],"class_list":["post-11756031","post","type-post","status-publish","format-standard","has-post-thumbnail","hentry","category-geral"],"_links":{"self":[{"href":"https:\/\/bandfmcorumba.agoranoar.com.br\/index.php\/wp-json\/wp\/v2\/posts\/11756031","targetHints":{"allow":["GET"]}}],"collection":[{"href":"https:\/\/bandfmcorumba.agoranoar.com.br\/index.php\/wp-json\/wp\/v2\/posts"}],"about":[{"href":"https:\/\/bandfmcorumba.agoranoar.com.br\/index.php\/wp-json\/wp\/v2\/types\/post"}],"author":[{"embeddable":true,"href":"https:\/\/bandfmcorumba.agoranoar.com.br\/index.php\/wp-json\/wp\/v2\/users\/1"}],"replies":[{"embeddable":true,"href":"https:\/\/bandfmcorumba.agoranoar.com.br\/index.php\/wp-json\/wp\/v2\/comments?post=11756031"}],"version-history":[{"count":0,"href":"https:\/\/bandfmcorumba.agoranoar.com.br\/index.php\/wp-json\/wp\/v2\/posts\/11756031\/revisions"}],"wp:featuredmedia":[{"embeddable":true,"href":"https:\/\/bandfmcorumba.agoranoar.com.br\/index.php\/wp-json\/wp\/v2\/media\/11756032"}],"wp:attachment":[{"href":"https:\/\/bandfmcorumba.agoranoar.com.br\/index.php\/wp-json\/wp\/v2\/media?parent=11756031"}],"wp:term":[{"taxonomy":"category","embeddable":true,"href":"https:\/\/bandfmcorumba.agoranoar.com.br\/index.php\/wp-json\/wp\/v2\/categories?post=11756031"},{"taxonomy":"post_tag","embeddable":true,"href":"https:\/\/bandfmcorumba.agoranoar.com.br\/index.php\/wp-json\/wp\/v2\/tags?post=11756031"}],"curies":[{"name":"wp","href":"https:\/\/api.w.org\/{rel}","templated":true}]}}