{"id":11756007,"date":"2026-07-03T14:04:53","date_gmt":"2026-07-03T18:04:53","guid":{"rendered":"https:\/\/grupopantanalms.com.br\/?p=11756007"},"modified":"2026-07-03T14:04:53","modified_gmt":"2026-07-03T18:04:53","slug":"queda-de-aeronave-em-campo-grande-matou-piloto-e-pesquisadora-alema","status":"publish","type":"post","link":"https:\/\/bandfmcorumba.agoranoar.com.br\/index.php\/2026\/07\/03\/queda-de-aeronave-em-campo-grande-matou-piloto-e-pesquisadora-alema\/","title":{"rendered":"Queda de aeronave em Campo Grande matou piloto e pesquisadora alem\u00e3"},"content":{"rendered":"\n<p class=\"wp-block-paragraph\"><strong>Campo Grande News<\/strong>&nbsp;em 03 de Julho de 2026<\/p>\n\n\n\n<p class=\"wp-block-paragraph\">Reprodu\u00e7\u00e3o<\/p>\n\n\n\n\n\n<p class=\"wp-block-paragraph\">A queda de avi\u00e3o na manh\u00e3 desta sexta-feira (dia 3) matou o piloto Henrique Martins e a pesquisadora alem\u00e3 Lydia Theresia M\u00f6cklinghoff. O acidente foi na regi\u00e3o do Aeroporto Santa Maria, na sa\u00edda para Tr\u00eas Lagoas, em Campo Grande.<\/p>\n\n\n\n<p class=\"wp-block-paragraph\">Lydia tem mestrado em Zoologia pela Universidade de W\u00fcrzburgo, Alemanha. Ontem, ela saiu do Rio de Janeiro, dormiu em Campo Grande e logo cedo seguiria para o Pantanal, onde desenvolve uma pesquisa sobre tamandu\u00e1s.<\/p>\n\n\n\n<p class=\"wp-block-paragraph\">Na rede social, o perfil do piloto mostra a paix\u00e3o por avia\u00e7\u00e3o, com diversos v\u00eddeos sobre voos pelo Estado, como no Pantanal, e em cidades brasileiras. Nas postagens, al\u00e9m dos avi\u00f5es, muitas imagens da filha e da esposa.<\/p>\n\n\n\n<p class=\"wp-block-paragraph\">\u201cRecebi com muita tristeza a not\u00edcia do falecimento do Henrique. Ele voou comigo e me ajudou em procedimentos. Era um profissional capacitado, voava por instrumentos e amava o que fazia\u201d, afirma o amigo Clauss Ferracini Mendon\u00e7a, que mora em Ara\u00e7atuba (SP) e tinha hangar em Campo Grande.<\/p>\n\n\n\n<p class=\"wp-block-paragraph\">Ele conta que Henrique se dedicou \u00e0 carreira, contando com a ajuda da fam\u00edlia. \u201cEle trabalhava comigo na escola de avia\u00e7\u00e3o e limpava outros avi\u00f5es. At\u00e9 modelo fotogr\u00e1fico pra minha loja de pilot shop ele foi\u201d.<\/p>\n\n\n\n<p class=\"wp-block-paragraph\">Conforme apurado pela reportagem, Henrique tinha menos de 10 anos de experi\u00eancia como piloto e estava na empresa Amapil h\u00e1 um m\u00eas. Antes era instrutor em escola de avia\u00e7\u00e3o.<\/p>\n\n\n\n<p class=\"wp-block-paragraph\"><strong>Acidente<\/strong><\/p>\n\n\n\n<p class=\"wp-block-paragraph\">Na manh\u00e3 de hoje, o avi\u00e3o decolou do Aeroporto Santa Maria, em Campo Grande, com destino a Aquidauana, a 141 quil\u00f4metros da Capital.<\/p>\n\n\n\n<p class=\"wp-block-paragraph\">Os destro\u00e7os foram localizados por um funcion\u00e1rio do hangar, que fazia buscas a p\u00e9 desde as primeiras horas da manh\u00e3. O avi\u00e3o estava do lado direito da pista, em uma \u00e1rea de mata pr\u00f3xima ao Condom\u00ednio Atl\u00e2ntico.<\/p>\n\n\n\n<p class=\"wp-block-paragraph\">Conforme consulta ao RAB (Registro Aeron\u00e1utico Brasileiro), da ANAC (Ag\u00eancia Nacional de Avia\u00e7\u00e3o Civil), a aeronave de matr\u00edcula PT-WYQ aparece como modelo NEIVA EMB-810D, fabricada em 1983, com situa\u00e7\u00e3o normal. O CVA (Certificado de Verifica\u00e7\u00e3o de Aeronavegabilidade) tem validade at\u00e9 4 de junho de 2027.<\/p>\n\n\n\n<p class=\"wp-block-paragraph\">O registro informa ainda que o avi\u00e3o estava autorizado para voo IFR (regras de voo por instrumentos), modalidade em que a navega\u00e7\u00e3o pode ser feita com apoio dos instrumentos da aeronave, inclusive \u00e0 noite. N\u00e3o h\u00e1 gravame apontado, ou seja, n\u00e3o consta restri\u00e7\u00e3o financeira ou jur\u00eddica sobre o avi\u00e3o.<\/p>\n","protected":false},"excerpt":{"rendered":"<p>Campo Grande News&nbsp;em 03 de Julho de 2026 Reprodu\u00e7\u00e3o A queda de avi\u00e3o na manh\u00e3 desta sexta-feira (dia 3) matou o piloto Henrique Martins e a pesquisadora alem\u00e3 Lydia Theresia M\u00f6cklinghoff. O acidente foi na regi\u00e3o do Aeroporto Santa Maria, na sa\u00edda para Tr\u00eas Lagoas, em Campo Grande. Lydia tem mestrado em Zoologia pela Universidade [&hellip;]<\/p>\n","protected":false},"author":1,"featured_media":11756008,"comment_status":"closed","ping_status":"open","sticky":false,"template":"","format":"standard","meta":{"footnotes":""},"categories":[2,3],"tags":[],"class_list":["post-11756007","post","type-post","status-publish","format-standard","has-post-thumbnail","hentry","category-corumba","category-destaque"],"_links":{"self":[{"href":"https:\/\/bandfmcorumba.agoranoar.com.br\/index.php\/wp-json\/wp\/v2\/posts\/11756007","targetHints":{"allow":["GET"]}}],"collection":[{"href":"https:\/\/bandfmcorumba.agoranoar.com.br\/index.php\/wp-json\/wp\/v2\/posts"}],"about":[{"href":"https:\/\/bandfmcorumba.agoranoar.com.br\/index.php\/wp-json\/wp\/v2\/types\/post"}],"author":[{"embeddable":true,"href":"https:\/\/bandfmcorumba.agoranoar.com.br\/index.php\/wp-json\/wp\/v2\/users\/1"}],"replies":[{"embeddable":true,"href":"https:\/\/bandfmcorumba.agoranoar.com.br\/index.php\/wp-json\/wp\/v2\/comments?post=11756007"}],"version-history":[{"count":0,"href":"https:\/\/bandfmcorumba.agoranoar.com.br\/index.php\/wp-json\/wp\/v2\/posts\/11756007\/revisions"}],"wp:featuredmedia":[{"embeddable":true,"href":"https:\/\/bandfmcorumba.agoranoar.com.br\/index.php\/wp-json\/wp\/v2\/media\/11756008"}],"wp:attachment":[{"href":"https:\/\/bandfmcorumba.agoranoar.com.br\/index.php\/wp-json\/wp\/v2\/media?parent=11756007"}],"wp:term":[{"taxonomy":"category","embeddable":true,"href":"https:\/\/bandfmcorumba.agoranoar.com.br\/index.php\/wp-json\/wp\/v2\/categories?post=11756007"},{"taxonomy":"post_tag","embeddable":true,"href":"https:\/\/bandfmcorumba.agoranoar.com.br\/index.php\/wp-json\/wp\/v2\/tags?post=11756007"}],"curies":[{"name":"wp","href":"https:\/\/api.w.org\/{rel}","templated":true}]}}