{"id":11756004,"date":"2026-07-02T13:44:42","date_gmt":"2026-07-02T17:44:42","guid":{"rendered":"https:\/\/grupopantanalms.com.br\/?p=11756004"},"modified":"2026-07-02T13:44:42","modified_gmt":"2026-07-02T17:44:42","slug":"despedida-emocionante-reune-forcas-de-seguranca-em-homenagem-ao-soldado-marcelo-pimenta","status":"publish","type":"post","link":"https:\/\/bandfmcorumba.agoranoar.com.br\/index.php\/2026\/07\/02\/despedida-emocionante-reune-forcas-de-seguranca-em-homenagem-ao-soldado-marcelo-pimenta\/","title":{"rendered":"Despedida emocionante re\u00fane for\u00e7as de seguran\u00e7a em homenagem ao soldado Marcelo Pimenta"},"content":{"rendered":"\n<p class=\"wp-block-paragraph\"><strong>Rosana Nunes e Leonardo Cabral<\/strong>&nbsp;em 02 de Julho de 2026<\/p>\n\n\n\n\n\n<p class=\"wp-block-paragraph\"><br>Leonardo Cabral\/Di\u00e1rio Corumbaense<\/p>\n\n\n\n<p class=\"wp-block-paragraph\"><\/p>\n\n\n\n<p class=\"wp-block-paragraph\">Cortejo parou em frente do quartel do 6\u00ba BPMSob forte emo\u00e7\u00e3o, familiares, amigos, colegas de farda e representantes das for\u00e7as de seguran\u00e7a acompanham, nesta quinta-feira (2), o cortejo e o sepultamento do soldado da Pol\u00edcia Militar, Marcelo Pimenta, de 32 anos. O policial morreu na noite de ter\u00e7a-feira (30), durante uma persegui\u00e7\u00e3o a um grupo criminoso fortemente armado.<\/p>\n\n\n\n<p class=\"wp-block-paragraph\">O caix\u00e3o foi conduzido em uma viatura do Corpo de Bombeiros Militar at\u00e9 o Cemit\u00e9rio Santa Cruz. Policiais militares, integrantes de outras institui\u00e7\u00f5es de seguran\u00e7a p\u00fablica e membros da comunidade, prestam as \u00faltimas homenagens ao soldado.<\/p>\n\n\n\n<p class=\"wp-block-paragraph\">Durante o trajeto, a viatura passou em frente ao Comando do 6\u00ba Batalh\u00e3o da Pol\u00edcia Militar (6\u00ba BPM), unidade onde Marcelo Pimenta estava lotado desde agosto de 2025.&nbsp;<\/p>\n\n\n\n<p class=\"wp-block-paragraph\">A morte do soldado gerou grande como\u00e7\u00e3o e mobilizou as for\u00e7as de seguran\u00e7a, que destacaram o comprometimento e a dedica\u00e7\u00e3o do militar durante o per\u00edodo em que integrou a Pol\u00edcia Militar.<\/p>\n","protected":false},"excerpt":{"rendered":"<p>Rosana Nunes e Leonardo Cabral&nbsp;em 02 de Julho de 2026 Leonardo Cabral\/Di\u00e1rio Corumbaense Cortejo parou em frente do quartel do 6\u00ba BPMSob forte emo\u00e7\u00e3o, familiares, amigos, colegas de farda e representantes das for\u00e7as de seguran\u00e7a acompanham, nesta quinta-feira (2), o cortejo e o sepultamento do soldado da Pol\u00edcia Militar, Marcelo Pimenta, de 32 anos. O [&hellip;]<\/p>\n","protected":false},"author":1,"featured_media":11756005,"comment_status":"closed","ping_status":"open","sticky":false,"template":"","format":"standard","meta":{"footnotes":""},"categories":[2],"tags":[],"class_list":["post-11756004","post","type-post","status-publish","format-standard","has-post-thumbnail","hentry","category-corumba"],"_links":{"self":[{"href":"https:\/\/bandfmcorumba.agoranoar.com.br\/index.php\/wp-json\/wp\/v2\/posts\/11756004","targetHints":{"allow":["GET"]}}],"collection":[{"href":"https:\/\/bandfmcorumba.agoranoar.com.br\/index.php\/wp-json\/wp\/v2\/posts"}],"about":[{"href":"https:\/\/bandfmcorumba.agoranoar.com.br\/index.php\/wp-json\/wp\/v2\/types\/post"}],"author":[{"embeddable":true,"href":"https:\/\/bandfmcorumba.agoranoar.com.br\/index.php\/wp-json\/wp\/v2\/users\/1"}],"replies":[{"embeddable":true,"href":"https:\/\/bandfmcorumba.agoranoar.com.br\/index.php\/wp-json\/wp\/v2\/comments?post=11756004"}],"version-history":[{"count":0,"href":"https:\/\/bandfmcorumba.agoranoar.com.br\/index.php\/wp-json\/wp\/v2\/posts\/11756004\/revisions"}],"wp:featuredmedia":[{"embeddable":true,"href":"https:\/\/bandfmcorumba.agoranoar.com.br\/index.php\/wp-json\/wp\/v2\/media\/11756005"}],"wp:attachment":[{"href":"https:\/\/bandfmcorumba.agoranoar.com.br\/index.php\/wp-json\/wp\/v2\/media?parent=11756004"}],"wp:term":[{"taxonomy":"category","embeddable":true,"href":"https:\/\/bandfmcorumba.agoranoar.com.br\/index.php\/wp-json\/wp\/v2\/categories?post=11756004"},{"taxonomy":"post_tag","embeddable":true,"href":"https:\/\/bandfmcorumba.agoranoar.com.br\/index.php\/wp-json\/wp\/v2\/tags?post=11756004"}],"curies":[{"name":"wp","href":"https:\/\/api.w.org\/{rel}","templated":true}]}}