{"id":11755977,"date":"2026-07-01T14:38:32","date_gmt":"2026-07-01T18:38:32","guid":{"rendered":"https:\/\/grupopantanalms.com.br\/?p=11755977"},"modified":"2026-07-01T14:38:32","modified_gmt":"2026-07-01T18:38:32","slug":"sao-paulo-registra-sete-casos-de-sarampo-e-recomenda-dose-zero-em-bebes","status":"publish","type":"post","link":"https:\/\/bandfmcorumba.agoranoar.com.br\/index.php\/2026\/07\/01\/sao-paulo-registra-sete-casos-de-sarampo-e-recomenda-dose-zero-em-bebes\/","title":{"rendered":"S\u00e3o Paulo registra sete casos de sarampo e recomenda dose zero em beb\u00eas"},"content":{"rendered":"\n<p class=\"wp-block-paragraph\"><img loading=\"lazy\" decoding=\"async\" width=\"26\" height=\"26\" alt=\"folha ms\" src=\"https:\/\/folhams.com.br\/wp-content\/uploads\/2023\/11\/folhams-96x96.jpg\">Por<a href=\"https:\/\/folhams.com.br\/author\/redacao\/\">Reda\u00e7\u00e3o<\/a>1 de julho de 2026<\/p>\n\n\n\n\n\n<p class=\"wp-block-paragraph\">O estado de S\u00e3o Paulo j\u00e1 acumula sete casos de sarampo neste ano, com duas confirma\u00e7\u00f5es anunciadas na noite desta ter\u00e7a-feira (30) pela Secretaria Estadual da Sa\u00fade de S\u00e3o Paulo. Os novos registros ocorreram em regi\u00e3o pr\u00f3xima \u00e0 cidade de Guarulhos e dizem respeito a um beb\u00ea de 6 meses e a uma mulher de 20 anos que \u00e9 m\u00e3e de um dos beb\u00eas confirmado na semana passada.<\/p>\n\n\n\n<p class=\"wp-block-paragraph\">Conforme divulgado pela pasta, outras tr\u00eas infec\u00e7\u00f5es haviam sido confirmadas na \u00faltima semana na capital paulista, todas em crian\u00e7as entre 6 meses e 1 ano de idade. As ocorr\u00eancias est\u00e3o sob investiga\u00e7\u00e3o com o objetivo de identificar a origem das infec\u00e7\u00f5es e poss\u00edveis cadeias de transmiss\u00e3o.<\/p>\n\n\n\n<h3 class=\"wp-block-heading\">Medidas de vacina\u00e7\u00e3o<\/h3>\n\n\n\n<p class=\"wp-block-paragraph\">Diante do cen\u00e1rio, a Secretaria Estadual da Sa\u00fade recomendou a aplica\u00e7\u00e3o da chamada dose zero da vacina tr\u00edplice viral para beb\u00eas de 6 a 11 meses e 29 dias na capital paulista e em Guarulhos. A dose zero foi adotada como estrat\u00e9gia adicional de prote\u00e7\u00e3o e n\u00e3o substitui as doses previstas no Calend\u00e1rio Nacional de Vacina\u00e7\u00e3o, conforme esclarecimento oficial.<\/p>\n\n\n\n<p class=\"wp-block-paragraph\">Mesmo quando aplicada entre 6 e 11 meses, a dose zero n\u00e3o encerra o esquema vacinal infantil, que prev\u00ea a primeira dose da tr\u00edplice viral aos 12 meses e a segunda dose preferencialmente com a vacina tetraviral aos 15 meses. A orienta\u00e7\u00e3o da Secretaria da Sa\u00fade \u00e9 que a popula\u00e7\u00e3o do estado procure a unidade de sa\u00fade mais pr\u00f3xima de sua resid\u00eancia para verificar a situa\u00e7\u00e3o vacinal e atualizar a imuniza\u00e7\u00e3o.<\/p>\n\n\n\n<p class=\"wp-block-paragraph\">Atualmente a cobertura vacinal contra o sarampo no estado \u00e9 de 85,32% para a primeira dose e de 72,06% para a segunda dose. Qualquer pessoa com at\u00e9 59 anos que n\u00e3o tenha comprovante de imuniza\u00e7\u00e3o ou que n\u00e3o tenha completado o esquema vacinal deve atualizar a carteira de vacina\u00e7\u00e3o, segundo as recomenda\u00e7\u00f5es oficiais.<\/p>\n\n\n\n<h3 class=\"wp-block-heading\">Transmiss\u00e3o, sintomas e riscos<\/h3>\n\n\n\n<p class=\"wp-block-paragraph\">O sarampo \u00e9 uma doen\u00e7a infecciosa de alta transmissibilidade que se espalha por via a\u00e9rea quando uma pessoa infectada tosse, espirra, fala ou respira. A capacidade de cont\u00e1gio \u00e9 elevada a ponto de um caso poder transmitir a doen\u00e7a para 90% das pessoas pr\u00f3ximas que n\u00e3o estejam imunes.<\/p>\n\n\n\n<p class=\"wp-block-paragraph\">Os sinais mais caracter\u00edsticos s\u00e3o manchas vermelhas no corpo e febre alta, frequentemente acompanhadas de tosse, conjuntivite, corrimento nasal ou mal-estar intenso. Em alguns casos a infec\u00e7\u00e3o pode evoluir para complica\u00e7\u00f5es graves incluindo diarreia intensa, infec\u00e7\u00f5es de ouvido, cegueira, pneumonia e encefalite.<\/p>\n\n\n\n<p class=\"wp-block-paragraph\">As autoridades de sa\u00fade mant\u00eam o acompanhamento dos casos confirmados e refor\u00e7am a import\u00e2ncia da vacina\u00e7\u00e3o como principal forma de preven\u00e7\u00e3o. De acordo com informa\u00e7\u00f5es oficiais, a atualiza\u00e7\u00e3o do esquema vacinal e a busca por orienta\u00e7\u00e3o nas unidades de sa\u00fade locais s\u00e3o medidas centrais para controlar a circula\u00e7\u00e3o do v\u00edrus e reduzir o risco de novos surtos.<\/p>\n","protected":false},"excerpt":{"rendered":"<p>PorReda\u00e7\u00e3o1 de julho de 2026 O estado de S\u00e3o Paulo j\u00e1 acumula sete casos de sarampo neste ano, com duas confirma\u00e7\u00f5es anunciadas na noite desta ter\u00e7a-feira (30) pela Secretaria Estadual da Sa\u00fade de S\u00e3o Paulo. Os novos registros ocorreram em regi\u00e3o pr\u00f3xima \u00e0 cidade de Guarulhos e dizem respeito a um beb\u00ea de 6 meses [&hellip;]<\/p>\n","protected":false},"author":1,"featured_media":11755978,"comment_status":"closed","ping_status":"open","sticky":false,"template":"","format":"standard","meta":{"footnotes":""},"categories":[4],"tags":[],"class_list":["post-11755977","post","type-post","status-publish","format-standard","has-post-thumbnail","hentry","category-saude"],"_links":{"self":[{"href":"https:\/\/bandfmcorumba.agoranoar.com.br\/index.php\/wp-json\/wp\/v2\/posts\/11755977","targetHints":{"allow":["GET"]}}],"collection":[{"href":"https:\/\/bandfmcorumba.agoranoar.com.br\/index.php\/wp-json\/wp\/v2\/posts"}],"about":[{"href":"https:\/\/bandfmcorumba.agoranoar.com.br\/index.php\/wp-json\/wp\/v2\/types\/post"}],"author":[{"embeddable":true,"href":"https:\/\/bandfmcorumba.agoranoar.com.br\/index.php\/wp-json\/wp\/v2\/users\/1"}],"replies":[{"embeddable":true,"href":"https:\/\/bandfmcorumba.agoranoar.com.br\/index.php\/wp-json\/wp\/v2\/comments?post=11755977"}],"version-history":[{"count":0,"href":"https:\/\/bandfmcorumba.agoranoar.com.br\/index.php\/wp-json\/wp\/v2\/posts\/11755977\/revisions"}],"wp:featuredmedia":[{"embeddable":true,"href":"https:\/\/bandfmcorumba.agoranoar.com.br\/index.php\/wp-json\/wp\/v2\/media\/11755978"}],"wp:attachment":[{"href":"https:\/\/bandfmcorumba.agoranoar.com.br\/index.php\/wp-json\/wp\/v2\/media?parent=11755977"}],"wp:term":[{"taxonomy":"category","embeddable":true,"href":"https:\/\/bandfmcorumba.agoranoar.com.br\/index.php\/wp-json\/wp\/v2\/categories?post=11755977"},{"taxonomy":"post_tag","embeddable":true,"href":"https:\/\/bandfmcorumba.agoranoar.com.br\/index.php\/wp-json\/wp\/v2\/tags?post=11755977"}],"curies":[{"name":"wp","href":"https:\/\/api.w.org\/{rel}","templated":true}]}}